{"id":1458,"date":"2013-02-26T12:34:44","date_gmt":"2013-02-26T11:34:44","guid":{"rendered":"http:\/\/nowak-papantoniou.net\/WordPress3\/?p=1458"},"modified":"2023-04-12T17:27:14","modified_gmt":"2023-04-12T15:27:14","slug":"lecturesinteventions-au-monte-en-lair-paris-ce-samedi-2-mars","status":"publish","type":"post","link":"https:\/\/nowak-papantoniou.net\/?p=1458","title":{"rendered":"lectures\/inteventions au Monte-en-l&rsquo;air &#8211; Paris- ce samedi 2 mars"},"content":{"rendered":"<p><a href=\"https:\/\/nowak-papantoniou.net\/WordPress3\/wp-content\/uploads\/2013\/02\/montenlair.jpg\"><img loading=\"lazy\" decoding=\"async\" class=\"aligncenter size-full wp-image-1459\" alt=\"montenlair\" src=\"https:\/\/nowak-papantoniou.net\/WordPress3\/wp-content\/uploads\/2013\/02\/montenlair.jpg\" width=\"180\" height=\"180\" srcset=\"https:\/\/nowak-papantoniou.net\/wp-content\/uploads\/2013\/02\/montenlair.jpg 180w, https:\/\/nowak-papantoniou.net\/wp-content\/uploads\/2013\/02\/montenlair-150x150.jpg 150w\" sizes=\"auto, (max-width: 180px) 100vw, 180px\" \/><\/a><\/p>\n<h2><a title=\"Permalien vers J\u00e9r\u00f4me Bertin, Jean-Michel Espitallier &amp; St\u00e9phane Nowak Papantoniou \/ \u00c9ditions Al Dante \/ Lectures et\u00a0performances\" href=\"http:\/\/montenlair.wordpress.com\/2013\/02\/20\/jerome-bertin-jean-michel-espitallier-stephane-nowak-papantoniou-editions-al-dante-lectures-et-performances\/\" rel=\"bookmark\">J\u00e9r\u00f4me Bertin, Jean-Michel Espitallier &amp; St\u00e9phane Nowak Papantoniou \/ \u00c9ditions Al Dante \/ Lectures et\u00a0performances<\/a><\/h2>\n<div><\/div>\n<p>Samedi 2 mars \u00e0 partir de 18h30<\/p>\n<p>Lectures et performances de J\u00e9r\u00f4me Bertin, Jean-Michel Espitallier et St\u00e9phane Nowak Papantoniou<\/p>\n<p>J\u00e9r\u00f4me Bertin a publi\u00e9, aux \u00e9ditions Al Dante, \u00ab\u00a0Batard du vide\u00a0\u00bb (2011) et \u00ab\u00a0Le patient\u00a0\u00bb, (2012). \u00c0 para\u00eetre, en avril 2013 : \u00ab\u00a0Pute\u00a0\u00bb.<\/p>\n<p>Jean-Michel Espitallier vient de publier \u00ab\u00a0L\u2019invention de la course \u00e0 pied (et autres trucs)\u00a0\u00bb.<\/p>\n<p>St\u00e9phane Nowak Papantoniou publiera \u00ab\u00a0Tentaculeux et tuberculaires\u00a0\u00bb en mars 2013 \u2013 \u00e0 d\u00e9couvrir en avant-premi\u00e8re au monte en l\u2019air !<\/p>\n","protected":false},"excerpt":{"rendered":"<p>J\u00e9r\u00f4me Bertin, Jean-Michel Espitallier &amp; St\u00e9phane Nowak Papantoniou \/ \u00c9ditions Al Dante \/ Lectures et\u00a0performances Samedi 2 mars \u00e0 partir de 18h30 Lectures et performances de J\u00e9r\u00f4me Bertin, Jean-Michel Espitallier et St\u00e9phane Nowak Papantoniou J\u00e9r\u00f4me Bertin a publi\u00e9, aux \u00e9ditions &hellip; <a href=\"https:\/\/nowak-papantoniou.net\/?p=1458\">Continuer la lecture <span class=\"meta-nav\">&rarr;<\/span><\/a><\/p>\n","protected":false},"author":1,"featured_media":0,"comment_status":"closed","ping_status":"open","sticky":false,"template":"","format":"standard","meta":{"footnotes":""},"categories":[13],"tags":[],"class_list":["post-1458","post","type-post","status-publish","format-standard","hentry","category-interventions"],"yoast_head":"<!-- This site is optimized with the Yoast SEO plugin v27.4 - https:\/\/yoast.com\/product\/yoast-seo-wordpress\/ -->\n<title>lectures\/inteventions au Monte-en-l&#039;air - Paris- ce samedi 2 mars - Laboratoire de St\u00e9phane Nowak Papantoniou<\/title>\n<meta name=\"robots\" content=\"index, follow, max-snippet:-1, max-image-preview:large, max-video-preview:-1\" \/>\n<link rel=\"canonical\" href=\"https:\/\/nowak-papantoniou.net\/?p=1458\" \/>\n<meta property=\"og:locale\" content=\"fr_FR\" \/>\n<meta property=\"og:type\" content=\"article\" \/>\n<meta property=\"og:title\" content=\"lectures\/inteventions au Monte-en-l&#039;air - Paris- ce samedi 2 mars - Laboratoire de St\u00e9phane Nowak Papantoniou\" \/>\n<meta property=\"og:description\" content=\"J\u00e9r\u00f4me Bertin, Jean-Michel Espitallier &amp; St\u00e9phane Nowak Papantoniou \/ \u00c9ditions Al Dante \/ Lectures et\u00a0performances Samedi 2 mars \u00e0 partir de 18h30 Lectures et performances de J\u00e9r\u00f4me Bertin, Jean-Michel Espitallier et St\u00e9phane Nowak Papantoniou J\u00e9r\u00f4me Bertin a publi\u00e9, aux \u00e9ditions &hellip; Continuer la lecture &rarr;\" \/>\n<meta property=\"og:url\" content=\"https:\/\/nowak-papantoniou.net\/?p=1458\" \/>\n<meta property=\"og:site_name\" content=\"Laboratoire de St\u00e9phane Nowak Papantoniou\" \/>\n<meta property=\"article:published_time\" content=\"2013-02-26T11:34:44+00:00\" \/>\n<meta property=\"article:modified_time\" content=\"2023-04-12T15:27:14+00:00\" \/>\n<meta property=\"og:image\" content=\"http:\/\/nowak-papantoniou.net\/WordPress3\/wp-content\/uploads\/2013\/02\/montenlair.jpg\" \/>\n<meta name=\"author\" content=\"St\u00e9phane Nowak Papantoniou\" \/>\n<meta name=\"twitter:card\" content=\"summary_large_image\" \/>\n<meta name=\"twitter:label1\" content=\"\u00c9crit par\" \/>\n\t<meta name=\"twitter:data1\" content=\"St\u00e9phane Nowak Papantoniou\" \/>\n<script type=\"application\/ld+json\" class=\"yoast-schema-graph\">{\"@context\":\"https:\\\/\\\/schema.org\",\"@graph\":[{\"@type\":\"Article\",\"@id\":\"https:\\\/\\\/nowak-papantoniou.net\\\/?p=1458#article\",\"isPartOf\":{\"@id\":\"https:\\\/\\\/nowak-papantoniou.net\\\/?p=1458\"},\"author\":{\"name\":\"St\u00e9phane Nowak Papantoniou\",\"@id\":\"https:\\\/\\\/nowak-papantoniou.net\\\/#\\\/schema\\\/person\\\/d43605ef0d5681c1b27a4ba1fede1cf4\"},\"headline\":\"lectures\\\/inteventions au Monte-en-l&rsquo;air &#8211; Paris- ce samedi 2 mars\",\"datePublished\":\"2013-02-26T11:34:44+00:00\",\"dateModified\":\"2023-04-12T15:27:14+00:00\",\"mainEntityOfPage\":{\"@id\":\"https:\\\/\\\/nowak-papantoniou.net\\\/?p=1458\"},\"wordCount\":101,\"publisher\":{\"@id\":\"https:\\\/\\\/nowak-papantoniou.net\\\/#\\\/schema\\\/person\\\/d43605ef0d5681c1b27a4ba1fede1cf4\"},\"image\":{\"@id\":\"https:\\\/\\\/nowak-papantoniou.net\\\/?p=1458#primaryimage\"},\"thumbnailUrl\":\"http:\\\/\\\/nowak-papantoniou.net\\\/WordPress3\\\/wp-content\\\/uploads\\\/2013\\\/02\\\/montenlair.jpg\",\"articleSection\":[\"interventions\"],\"inLanguage\":\"fr-FR\"},{\"@type\":\"WebPage\",\"@id\":\"https:\\\/\\\/nowak-papantoniou.net\\\/?p=1458\",\"url\":\"https:\\\/\\\/nowak-papantoniou.net\\\/?p=1458\",\"name\":\"lectures\\\/inteventions au Monte-en-l'air - Paris- ce samedi 2 mars - Laboratoire de St\u00e9phane Nowak Papantoniou\",\"isPartOf\":{\"@id\":\"https:\\\/\\\/nowak-papantoniou.net\\\/#website\"},\"primaryImageOfPage\":{\"@id\":\"https:\\\/\\\/nowak-papantoniou.net\\\/?p=1458#primaryimage\"},\"image\":{\"@id\":\"https:\\\/\\\/nowak-papantoniou.net\\\/?p=1458#primaryimage\"},\"thumbnailUrl\":\"http:\\\/\\\/nowak-papantoniou.net\\\/WordPress3\\\/wp-content\\\/uploads\\\/2013\\\/02\\\/montenlair.jpg\",\"datePublished\":\"2013-02-26T11:34:44+00:00\",\"dateModified\":\"2023-04-12T15:27:14+00:00\",\"breadcrumb\":{\"@id\":\"https:\\\/\\\/nowak-papantoniou.net\\\/?p=1458#breadcrumb\"},\"inLanguage\":\"fr-FR\",\"potentialAction\":[{\"@type\":\"ReadAction\",\"target\":[\"https:\\\/\\\/nowak-papantoniou.net\\\/?p=1458\"]}]},{\"@type\":\"ImageObject\",\"inLanguage\":\"fr-FR\",\"@id\":\"https:\\\/\\\/nowak-papantoniou.net\\\/?p=1458#primaryimage\",\"url\":\"http:\\\/\\\/nowak-papantoniou.net\\\/WordPress3\\\/wp-content\\\/uploads\\\/2013\\\/02\\\/montenlair.jpg\",\"contentUrl\":\"http:\\\/\\\/nowak-papantoniou.net\\\/WordPress3\\\/wp-content\\\/uploads\\\/2013\\\/02\\\/montenlair.jpg\"},{\"@type\":\"BreadcrumbList\",\"@id\":\"https:\\\/\\\/nowak-papantoniou.net\\\/?p=1458#breadcrumb\",\"itemListElement\":[{\"@type\":\"ListItem\",\"position\":1,\"name\":\"Accueil\",\"item\":\"https:\\\/\\\/nowak-papantoniou.net\\\/\"},{\"@type\":\"ListItem\",\"position\":2,\"name\":\"lectures\\\/inteventions au Monte-en-l&rsquo;air &#8211; Paris- ce samedi 2 mars\"}]},{\"@type\":\"WebSite\",\"@id\":\"https:\\\/\\\/nowak-papantoniou.net\\\/#website\",\"url\":\"https:\\\/\\\/nowak-papantoniou.net\\\/\",\"name\":\"Laboratoire de St\u00e9phane Nowak Papantoniou\",\"description\":\"labo textuel, visuel et sonore\",\"publisher\":{\"@id\":\"https:\\\/\\\/nowak-papantoniou.net\\\/#\\\/schema\\\/person\\\/d43605ef0d5681c1b27a4ba1fede1cf4\"},\"potentialAction\":[{\"@type\":\"SearchAction\",\"target\":{\"@type\":\"EntryPoint\",\"urlTemplate\":\"https:\\\/\\\/nowak-papantoniou.net\\\/?s={search_term_string}\"},\"query-input\":{\"@type\":\"PropertyValueSpecification\",\"valueRequired\":true,\"valueName\":\"search_term_string\"}}],\"inLanguage\":\"fr-FR\"},{\"@type\":[\"Person\",\"Organization\"],\"@id\":\"https:\\\/\\\/nowak-papantoniou.net\\\/#\\\/schema\\\/person\\\/d43605ef0d5681c1b27a4ba1fede1cf4\",\"name\":\"St\u00e9phane Nowak Papantoniou\",\"logo\":{\"@id\":\"https:\\\/\\\/nowak-papantoniou.net\\\/#\\\/schema\\\/person\\\/image\\\/\"},\"url\":\"https:\\\/\\\/nowak-papantoniou.net\\\/?author=1\"}]}<\/script>\n<!-- \/ Yoast SEO plugin. -->","yoast_head_json":{"title":"lectures\/inteventions au Monte-en-l'air - Paris- ce samedi 2 mars - Laboratoire de St\u00e9phane Nowak Papantoniou","robots":{"index":"index","follow":"follow","max-snippet":"max-snippet:-1","max-image-preview":"max-image-preview:large","max-video-preview":"max-video-preview:-1"},"canonical":"https:\/\/nowak-papantoniou.net\/?p=1458","og_locale":"fr_FR","og_type":"article","og_title":"lectures\/inteventions au Monte-en-l'air - Paris- ce samedi 2 mars - Laboratoire de St\u00e9phane Nowak Papantoniou","og_description":"J\u00e9r\u00f4me Bertin, Jean-Michel Espitallier &amp; St\u00e9phane Nowak Papantoniou \/ \u00c9ditions Al Dante \/ Lectures et\u00a0performances Samedi 2 mars \u00e0 partir de 18h30 Lectures et performances de J\u00e9r\u00f4me Bertin, Jean-Michel Espitallier et St\u00e9phane Nowak Papantoniou J\u00e9r\u00f4me Bertin a publi\u00e9, aux \u00e9ditions &hellip; Continuer la lecture &rarr;","og_url":"https:\/\/nowak-papantoniou.net\/?p=1458","og_site_name":"Laboratoire de St\u00e9phane Nowak Papantoniou","article_published_time":"2013-02-26T11:34:44+00:00","article_modified_time":"2023-04-12T15:27:14+00:00","og_image":[{"url":"http:\/\/nowak-papantoniou.net\/WordPress3\/wp-content\/uploads\/2013\/02\/montenlair.jpg","type":"","width":"","height":""}],"author":"St\u00e9phane Nowak Papantoniou","twitter_card":"summary_large_image","twitter_misc":{"\u00c9crit par":"St\u00e9phane Nowak Papantoniou"},"schema":{"@context":"https:\/\/schema.org","@graph":[{"@type":"Article","@id":"https:\/\/nowak-papantoniou.net\/?p=1458#article","isPartOf":{"@id":"https:\/\/nowak-papantoniou.net\/?p=1458"},"author":{"name":"St\u00e9phane Nowak Papantoniou","@id":"https:\/\/nowak-papantoniou.net\/#\/schema\/person\/d43605ef0d5681c1b27a4ba1fede1cf4"},"headline":"lectures\/inteventions au Monte-en-l&rsquo;air &#8211; Paris- ce samedi 2 mars","datePublished":"2013-02-26T11:34:44+00:00","dateModified":"2023-04-12T15:27:14+00:00","mainEntityOfPage":{"@id":"https:\/\/nowak-papantoniou.net\/?p=1458"},"wordCount":101,"publisher":{"@id":"https:\/\/nowak-papantoniou.net\/#\/schema\/person\/d43605ef0d5681c1b27a4ba1fede1cf4"},"image":{"@id":"https:\/\/nowak-papantoniou.net\/?p=1458#primaryimage"},"thumbnailUrl":"http:\/\/nowak-papantoniou.net\/WordPress3\/wp-content\/uploads\/2013\/02\/montenlair.jpg","articleSection":["interventions"],"inLanguage":"fr-FR"},{"@type":"WebPage","@id":"https:\/\/nowak-papantoniou.net\/?p=1458","url":"https:\/\/nowak-papantoniou.net\/?p=1458","name":"lectures\/inteventions au Monte-en-l'air - Paris- ce samedi 2 mars - Laboratoire de St\u00e9phane Nowak Papantoniou","isPartOf":{"@id":"https:\/\/nowak-papantoniou.net\/#website"},"primaryImageOfPage":{"@id":"https:\/\/nowak-papantoniou.net\/?p=1458#primaryimage"},"image":{"@id":"https:\/\/nowak-papantoniou.net\/?p=1458#primaryimage"},"thumbnailUrl":"http:\/\/nowak-papantoniou.net\/WordPress3\/wp-content\/uploads\/2013\/02\/montenlair.jpg","datePublished":"2013-02-26T11:34:44+00:00","dateModified":"2023-04-12T15:27:14+00:00","breadcrumb":{"@id":"https:\/\/nowak-papantoniou.net\/?p=1458#breadcrumb"},"inLanguage":"fr-FR","potentialAction":[{"@type":"ReadAction","target":["https:\/\/nowak-papantoniou.net\/?p=1458"]}]},{"@type":"ImageObject","inLanguage":"fr-FR","@id":"https:\/\/nowak-papantoniou.net\/?p=1458#primaryimage","url":"http:\/\/nowak-papantoniou.net\/WordPress3\/wp-content\/uploads\/2013\/02\/montenlair.jpg","contentUrl":"http:\/\/nowak-papantoniou.net\/WordPress3\/wp-content\/uploads\/2013\/02\/montenlair.jpg"},{"@type":"BreadcrumbList","@id":"https:\/\/nowak-papantoniou.net\/?p=1458#breadcrumb","itemListElement":[{"@type":"ListItem","position":1,"name":"Accueil","item":"https:\/\/nowak-papantoniou.net\/"},{"@type":"ListItem","position":2,"name":"lectures\/inteventions au Monte-en-l&rsquo;air &#8211; Paris- ce samedi 2 mars"}]},{"@type":"WebSite","@id":"https:\/\/nowak-papantoniou.net\/#website","url":"https:\/\/nowak-papantoniou.net\/","name":"Laboratoire de St\u00e9phane Nowak Papantoniou","description":"labo textuel, visuel et sonore","publisher":{"@id":"https:\/\/nowak-papantoniou.net\/#\/schema\/person\/d43605ef0d5681c1b27a4ba1fede1cf4"},"potentialAction":[{"@type":"SearchAction","target":{"@type":"EntryPoint","urlTemplate":"https:\/\/nowak-papantoniou.net\/?s={search_term_string}"},"query-input":{"@type":"PropertyValueSpecification","valueRequired":true,"valueName":"search_term_string"}}],"inLanguage":"fr-FR"},{"@type":["Person","Organization"],"@id":"https:\/\/nowak-papantoniou.net\/#\/schema\/person\/d43605ef0d5681c1b27a4ba1fede1cf4","name":"St\u00e9phane Nowak Papantoniou","logo":{"@id":"https:\/\/nowak-papantoniou.net\/#\/schema\/person\/image\/"},"url":"https:\/\/nowak-papantoniou.net\/?author=1"}]}},"_links":{"self":[{"href":"https:\/\/nowak-papantoniou.net\/index.php?rest_route=\/wp\/v2\/posts\/1458","targetHints":{"allow":["GET"]}}],"collection":[{"href":"https:\/\/nowak-papantoniou.net\/index.php?rest_route=\/wp\/v2\/posts"}],"about":[{"href":"https:\/\/nowak-papantoniou.net\/index.php?rest_route=\/wp\/v2\/types\/post"}],"author":[{"embeddable":true,"href":"https:\/\/nowak-papantoniou.net\/index.php?rest_route=\/wp\/v2\/users\/1"}],"replies":[{"embeddable":true,"href":"https:\/\/nowak-papantoniou.net\/index.php?rest_route=%2Fwp%2Fv2%2Fcomments&post=1458"}],"version-history":[{"count":2,"href":"https:\/\/nowak-papantoniou.net\/index.php?rest_route=\/wp\/v2\/posts\/1458\/revisions"}],"predecessor-version":[{"id":1983,"href":"https:\/\/nowak-papantoniou.net\/index.php?rest_route=\/wp\/v2\/posts\/1458\/revisions\/1983"}],"wp:attachment":[{"href":"https:\/\/nowak-papantoniou.net\/index.php?rest_route=%2Fwp%2Fv2%2Fmedia&parent=1458"}],"wp:term":[{"taxonomy":"category","embeddable":true,"href":"https:\/\/nowak-papantoniou.net\/index.php?rest_route=%2Fwp%2Fv2%2Fcategories&post=1458"},{"taxonomy":"post_tag","embeddable":true,"href":"https:\/\/nowak-papantoniou.net\/index.php?rest_route=%2Fwp%2Fv2%2Ftags&post=1458"}],"curies":[{"name":"wp","href":"https:\/\/api.w.org\/{rel}","templated":true}]}}