{"id":1641,"date":"2018-09-01T15:33:43","date_gmt":"2018-09-01T13:33:43","guid":{"rendered":"http:\/\/nowak-papantoniou.net\/WordPress3\/?p=1641"},"modified":"2023-04-12T18:39:40","modified_gmt":"2023-04-12T16:39:40","slug":"qui-sera-le-ou-la-laureate-du-prix-litteraire-bernard-heidsieck-centre-pompidou-2018","status":"publish","type":"post","link":"https:\/\/nowak-papantoniou.net\/?p=1641","title":{"rendered":"Qui sera le ou la laur\u00e9ate du Prix Litt\u00e9raire Bernard Heidsieck &#8211; Centre Pompidou 2018 ?"},"content":{"rendered":"<p>Qui sera le ou la laur\u00e9ate du Prix Litt\u00e9raire Bernard Heidsieck &#8211; Centre Pompidou 2018 ? Voici la liste des nomin\u00e9s retenus par le jury pr\u00e9sid\u00e9 cette ann\u00e9e par Julien Blaine :<br \/>\nListe nomin\u00e9s :<\/p>\n<p>&#8211; Edith Azam<br \/>\n&#8211; Fia Backstr\u00f6m<br \/>\n&#8211; Stefan Br\u00fcggeman<br \/>\n&#8211; Eduard Escoffet<br \/>\n&#8211; Fr\u00e9d\u00e9rique Gu\u00e9tat-Liviani<br \/>\n&#8211; Marius Loris<br \/>\n&#8211; St\u00e9phane Nowak Papantoniou<br \/>\n&#8211; Charles Pennequin<br \/>\n&#8211; Joerg Piringer<br \/>\n&#8211; Kinga Toth<\/p>\n<p>Remise du Prix le mercredi 5 septembre \u00e0 20h, en ouverture du Festival Extra!<\/p>\n","protected":false},"excerpt":{"rendered":"<p>Qui sera le ou la laur\u00e9ate du Prix Litt\u00e9raire Bernard Heidsieck &#8211; Centre Pompidou 2018 ? Voici la liste des nomin\u00e9s retenus par le jury pr\u00e9sid\u00e9 cette ann\u00e9e par Julien Blaine : Liste nomin\u00e9s : &#8211; Edith Azam &#8211; Fia &hellip; <a href=\"https:\/\/nowak-papantoniou.net\/?p=1641\">Continuer la lecture <span class=\"meta-nav\">&rarr;<\/span><\/a><\/p>\n","protected":false},"author":1,"featured_media":0,"comment_status":"closed","ping_status":"open","sticky":false,"template":"","format":"standard","meta":{"footnotes":""},"categories":[13],"tags":[],"class_list":["post-1641","post","type-post","status-publish","format-standard","hentry","category-interventions"],"yoast_head":"<!-- This site is optimized with the Yoast SEO plugin v27.4 - https:\/\/yoast.com\/product\/yoast-seo-wordpress\/ -->\n<title>Qui sera le ou la laur\u00e9ate du Prix Litt\u00e9raire Bernard Heidsieck - Centre Pompidou 2018 ? - Laboratoire de St\u00e9phane Nowak Papantoniou<\/title>\n<meta name=\"robots\" content=\"index, follow, max-snippet:-1, max-image-preview:large, max-video-preview:-1\" \/>\n<link rel=\"canonical\" href=\"https:\/\/nowak-papantoniou.net\/?p=1641\" \/>\n<meta property=\"og:locale\" content=\"fr_FR\" \/>\n<meta property=\"og:type\" content=\"article\" \/>\n<meta property=\"og:title\" content=\"Qui sera le ou la laur\u00e9ate du Prix Litt\u00e9raire Bernard Heidsieck - Centre Pompidou 2018 ? - Laboratoire de St\u00e9phane Nowak Papantoniou\" \/>\n<meta property=\"og:description\" content=\"Qui sera le ou la laur\u00e9ate du Prix Litt\u00e9raire Bernard Heidsieck &#8211; Centre Pompidou 2018 ? Voici la liste des nomin\u00e9s retenus par le jury pr\u00e9sid\u00e9 cette ann\u00e9e par Julien Blaine : Liste nomin\u00e9s : &#8211; Edith Azam &#8211; Fia &hellip; Continuer la lecture &rarr;\" \/>\n<meta property=\"og:url\" content=\"https:\/\/nowak-papantoniou.net\/?p=1641\" \/>\n<meta property=\"og:site_name\" content=\"Laboratoire de St\u00e9phane Nowak Papantoniou\" \/>\n<meta property=\"article:published_time\" content=\"2018-09-01T13:33:43+00:00\" \/>\n<meta property=\"article:modified_time\" content=\"2023-04-12T16:39:40+00:00\" \/>\n<meta name=\"author\" content=\"St\u00e9phane Nowak Papantoniou\" \/>\n<meta name=\"twitter:card\" content=\"summary_large_image\" \/>\n<meta name=\"twitter:label1\" content=\"\u00c9crit par\" \/>\n\t<meta name=\"twitter:data1\" content=\"St\u00e9phane Nowak Papantoniou\" \/>\n<script type=\"application\/ld+json\" class=\"yoast-schema-graph\">{\"@context\":\"https:\\\/\\\/schema.org\",\"@graph\":[{\"@type\":\"Article\",\"@id\":\"https:\\\/\\\/nowak-papantoniou.net\\\/?p=1641#article\",\"isPartOf\":{\"@id\":\"https:\\\/\\\/nowak-papantoniou.net\\\/?p=1641\"},\"author\":{\"name\":\"St\u00e9phane Nowak Papantoniou\",\"@id\":\"https:\\\/\\\/nowak-papantoniou.net\\\/#\\\/schema\\\/person\\\/d43605ef0d5681c1b27a4ba1fede1cf4\"},\"headline\":\"Qui sera le ou la laur\u00e9ate du Prix Litt\u00e9raire Bernard Heidsieck &#8211; Centre Pompidou 2018 ?\",\"datePublished\":\"2018-09-01T13:33:43+00:00\",\"dateModified\":\"2023-04-12T16:39:40+00:00\",\"mainEntityOfPage\":{\"@id\":\"https:\\\/\\\/nowak-papantoniou.net\\\/?p=1641\"},\"wordCount\":102,\"publisher\":{\"@id\":\"https:\\\/\\\/nowak-papantoniou.net\\\/#\\\/schema\\\/person\\\/d43605ef0d5681c1b27a4ba1fede1cf4\"},\"articleSection\":[\"interventions\"],\"inLanguage\":\"fr-FR\"},{\"@type\":\"WebPage\",\"@id\":\"https:\\\/\\\/nowak-papantoniou.net\\\/?p=1641\",\"url\":\"https:\\\/\\\/nowak-papantoniou.net\\\/?p=1641\",\"name\":\"Qui sera le ou la laur\u00e9ate du Prix Litt\u00e9raire Bernard Heidsieck - Centre Pompidou 2018 ? - Laboratoire de St\u00e9phane Nowak Papantoniou\",\"isPartOf\":{\"@id\":\"https:\\\/\\\/nowak-papantoniou.net\\\/#website\"},\"datePublished\":\"2018-09-01T13:33:43+00:00\",\"dateModified\":\"2023-04-12T16:39:40+00:00\",\"breadcrumb\":{\"@id\":\"https:\\\/\\\/nowak-papantoniou.net\\\/?p=1641#breadcrumb\"},\"inLanguage\":\"fr-FR\",\"potentialAction\":[{\"@type\":\"ReadAction\",\"target\":[\"https:\\\/\\\/nowak-papantoniou.net\\\/?p=1641\"]}]},{\"@type\":\"BreadcrumbList\",\"@id\":\"https:\\\/\\\/nowak-papantoniou.net\\\/?p=1641#breadcrumb\",\"itemListElement\":[{\"@type\":\"ListItem\",\"position\":1,\"name\":\"Accueil\",\"item\":\"https:\\\/\\\/nowak-papantoniou.net\\\/\"},{\"@type\":\"ListItem\",\"position\":2,\"name\":\"Qui sera le ou la laur\u00e9ate du Prix Litt\u00e9raire Bernard Heidsieck &#8211; Centre Pompidou 2018 ?\"}]},{\"@type\":\"WebSite\",\"@id\":\"https:\\\/\\\/nowak-papantoniou.net\\\/#website\",\"url\":\"https:\\\/\\\/nowak-papantoniou.net\\\/\",\"name\":\"Laboratoire de St\u00e9phane Nowak Papantoniou\",\"description\":\"labo textuel, visuel et sonore\",\"publisher\":{\"@id\":\"https:\\\/\\\/nowak-papantoniou.net\\\/#\\\/schema\\\/person\\\/d43605ef0d5681c1b27a4ba1fede1cf4\"},\"potentialAction\":[{\"@type\":\"SearchAction\",\"target\":{\"@type\":\"EntryPoint\",\"urlTemplate\":\"https:\\\/\\\/nowak-papantoniou.net\\\/?s={search_term_string}\"},\"query-input\":{\"@type\":\"PropertyValueSpecification\",\"valueRequired\":true,\"valueName\":\"search_term_string\"}}],\"inLanguage\":\"fr-FR\"},{\"@type\":[\"Person\",\"Organization\"],\"@id\":\"https:\\\/\\\/nowak-papantoniou.net\\\/#\\\/schema\\\/person\\\/d43605ef0d5681c1b27a4ba1fede1cf4\",\"name\":\"St\u00e9phane Nowak Papantoniou\",\"logo\":{\"@id\":\"https:\\\/\\\/nowak-papantoniou.net\\\/#\\\/schema\\\/person\\\/image\\\/\"},\"url\":\"https:\\\/\\\/nowak-papantoniou.net\\\/?author=1\"}]}<\/script>\n<!-- \/ Yoast SEO plugin. -->","yoast_head_json":{"title":"Qui sera le ou la laur\u00e9ate du Prix Litt\u00e9raire Bernard Heidsieck - Centre Pompidou 2018 ? - Laboratoire de St\u00e9phane Nowak Papantoniou","robots":{"index":"index","follow":"follow","max-snippet":"max-snippet:-1","max-image-preview":"max-image-preview:large","max-video-preview":"max-video-preview:-1"},"canonical":"https:\/\/nowak-papantoniou.net\/?p=1641","og_locale":"fr_FR","og_type":"article","og_title":"Qui sera le ou la laur\u00e9ate du Prix Litt\u00e9raire Bernard Heidsieck - Centre Pompidou 2018 ? - Laboratoire de St\u00e9phane Nowak Papantoniou","og_description":"Qui sera le ou la laur\u00e9ate du Prix Litt\u00e9raire Bernard Heidsieck &#8211; Centre Pompidou 2018 ? Voici la liste des nomin\u00e9s retenus par le jury pr\u00e9sid\u00e9 cette ann\u00e9e par Julien Blaine : Liste nomin\u00e9s : &#8211; Edith Azam &#8211; Fia &hellip; Continuer la lecture &rarr;","og_url":"https:\/\/nowak-papantoniou.net\/?p=1641","og_site_name":"Laboratoire de St\u00e9phane Nowak Papantoniou","article_published_time":"2018-09-01T13:33:43+00:00","article_modified_time":"2023-04-12T16:39:40+00:00","author":"St\u00e9phane Nowak Papantoniou","twitter_card":"summary_large_image","twitter_misc":{"\u00c9crit par":"St\u00e9phane Nowak Papantoniou"},"schema":{"@context":"https:\/\/schema.org","@graph":[{"@type":"Article","@id":"https:\/\/nowak-papantoniou.net\/?p=1641#article","isPartOf":{"@id":"https:\/\/nowak-papantoniou.net\/?p=1641"},"author":{"name":"St\u00e9phane Nowak Papantoniou","@id":"https:\/\/nowak-papantoniou.net\/#\/schema\/person\/d43605ef0d5681c1b27a4ba1fede1cf4"},"headline":"Qui sera le ou la laur\u00e9ate du Prix Litt\u00e9raire Bernard Heidsieck &#8211; Centre Pompidou 2018 ?","datePublished":"2018-09-01T13:33:43+00:00","dateModified":"2023-04-12T16:39:40+00:00","mainEntityOfPage":{"@id":"https:\/\/nowak-papantoniou.net\/?p=1641"},"wordCount":102,"publisher":{"@id":"https:\/\/nowak-papantoniou.net\/#\/schema\/person\/d43605ef0d5681c1b27a4ba1fede1cf4"},"articleSection":["interventions"],"inLanguage":"fr-FR"},{"@type":"WebPage","@id":"https:\/\/nowak-papantoniou.net\/?p=1641","url":"https:\/\/nowak-papantoniou.net\/?p=1641","name":"Qui sera le ou la laur\u00e9ate du Prix Litt\u00e9raire Bernard Heidsieck - Centre Pompidou 2018 ? - Laboratoire de St\u00e9phane Nowak Papantoniou","isPartOf":{"@id":"https:\/\/nowak-papantoniou.net\/#website"},"datePublished":"2018-09-01T13:33:43+00:00","dateModified":"2023-04-12T16:39:40+00:00","breadcrumb":{"@id":"https:\/\/nowak-papantoniou.net\/?p=1641#breadcrumb"},"inLanguage":"fr-FR","potentialAction":[{"@type":"ReadAction","target":["https:\/\/nowak-papantoniou.net\/?p=1641"]}]},{"@type":"BreadcrumbList","@id":"https:\/\/nowak-papantoniou.net\/?p=1641#breadcrumb","itemListElement":[{"@type":"ListItem","position":1,"name":"Accueil","item":"https:\/\/nowak-papantoniou.net\/"},{"@type":"ListItem","position":2,"name":"Qui sera le ou la laur\u00e9ate du Prix Litt\u00e9raire Bernard Heidsieck &#8211; Centre Pompidou 2018 ?"}]},{"@type":"WebSite","@id":"https:\/\/nowak-papantoniou.net\/#website","url":"https:\/\/nowak-papantoniou.net\/","name":"Laboratoire de St\u00e9phane Nowak Papantoniou","description":"labo textuel, visuel et sonore","publisher":{"@id":"https:\/\/nowak-papantoniou.net\/#\/schema\/person\/d43605ef0d5681c1b27a4ba1fede1cf4"},"potentialAction":[{"@type":"SearchAction","target":{"@type":"EntryPoint","urlTemplate":"https:\/\/nowak-papantoniou.net\/?s={search_term_string}"},"query-input":{"@type":"PropertyValueSpecification","valueRequired":true,"valueName":"search_term_string"}}],"inLanguage":"fr-FR"},{"@type":["Person","Organization"],"@id":"https:\/\/nowak-papantoniou.net\/#\/schema\/person\/d43605ef0d5681c1b27a4ba1fede1cf4","name":"St\u00e9phane Nowak Papantoniou","logo":{"@id":"https:\/\/nowak-papantoniou.net\/#\/schema\/person\/image\/"},"url":"https:\/\/nowak-papantoniou.net\/?author=1"}]}},"_links":{"self":[{"href":"https:\/\/nowak-papantoniou.net\/index.php?rest_route=\/wp\/v2\/posts\/1641","targetHints":{"allow":["GET"]}}],"collection":[{"href":"https:\/\/nowak-papantoniou.net\/index.php?rest_route=\/wp\/v2\/posts"}],"about":[{"href":"https:\/\/nowak-papantoniou.net\/index.php?rest_route=\/wp\/v2\/types\/post"}],"author":[{"embeddable":true,"href":"https:\/\/nowak-papantoniou.net\/index.php?rest_route=\/wp\/v2\/users\/1"}],"replies":[{"embeddable":true,"href":"https:\/\/nowak-papantoniou.net\/index.php?rest_route=%2Fwp%2Fv2%2Fcomments&post=1641"}],"version-history":[{"count":1,"href":"https:\/\/nowak-papantoniou.net\/index.php?rest_route=\/wp\/v2\/posts\/1641\/revisions"}],"predecessor-version":[{"id":1642,"href":"https:\/\/nowak-papantoniou.net\/index.php?rest_route=\/wp\/v2\/posts\/1641\/revisions\/1642"}],"wp:attachment":[{"href":"https:\/\/nowak-papantoniou.net\/index.php?rest_route=%2Fwp%2Fv2%2Fmedia&parent=1641"}],"wp:term":[{"taxonomy":"category","embeddable":true,"href":"https:\/\/nowak-papantoniou.net\/index.php?rest_route=%2Fwp%2Fv2%2Fcategories&post=1641"},{"taxonomy":"post_tag","embeddable":true,"href":"https:\/\/nowak-papantoniou.net\/index.php?rest_route=%2Fwp%2Fv2%2Ftags&post=1641"}],"curies":[{"name":"wp","href":"https:\/\/api.w.org\/{rel}","templated":true}]}}