{"id":1686,"date":"2019-12-08T15:24:25","date_gmt":"2019-12-08T14:24:25","guid":{"rendered":"http:\/\/nowak-papantoniou.net\/WordPress3\/?p=1686"},"modified":"2023-04-12T18:28:34","modified_gmt":"2023-04-12T16:28:34","slug":"lecture-a-marseille-le-10-decembre-2019","status":"publish","type":"post","link":"https:\/\/nowak-papantoniou.net\/?p=1686","title":{"rendered":"lecture \u00e0 Marseille le 10 d\u00e9cembre 2019"},"content":{"rendered":"\n<h2 class=\"wp-block-heading\">Les dits du mardi<\/h2>\n\n\n\n<p><em>Les dits du mardi<\/em>&nbsp;accueillent St\u00e9phane Nowak Papantoniou et Micha\u00ebl Batalla.&nbsp;<br \/>Un programme de rencontres con\u00e7u et organis\u00e9 par Julien Blaine, avec la participation du CIPM et du FID et le soutien amical d&rsquo;Alt(r)a Voce. Les mardis \u00e0 19 heures, de septembre 2019 \u00e0 janvier 2020.<\/p>\n","protected":false},"excerpt":{"rendered":"<p>Les dits du mardi Les dits du mardi&nbsp;accueillent St\u00e9phane Nowak Papantoniou et Micha\u00ebl Batalla.&nbsp;Un programme de rencontres con\u00e7u et organis\u00e9 par Julien Blaine, avec la participation du CIPM et du FID et le soutien amical d&rsquo;Alt(r)a Voce. Les mardis \u00e0 &hellip; <a href=\"https:\/\/nowak-papantoniou.net\/?p=1686\">Continuer la lecture <span class=\"meta-nav\">&rarr;<\/span><\/a><\/p>\n","protected":false},"author":1,"featured_media":0,"comment_status":"closed","ping_status":"open","sticky":false,"template":"","format":"standard","meta":{"footnotes":""},"categories":[13],"tags":[],"class_list":["post-1686","post","type-post","status-publish","format-standard","hentry","category-interventions"],"yoast_head":"<!-- This site is optimized with the Yoast SEO plugin v27.4 - https:\/\/yoast.com\/product\/yoast-seo-wordpress\/ -->\n<title>lecture \u00e0 Marseille le 10 d\u00e9cembre 2019 - Laboratoire de St\u00e9phane Nowak Papantoniou<\/title>\n<meta name=\"robots\" content=\"index, follow, max-snippet:-1, max-image-preview:large, max-video-preview:-1\" \/>\n<link rel=\"canonical\" href=\"https:\/\/nowak-papantoniou.net\/?p=1686\" \/>\n<meta property=\"og:locale\" content=\"fr_FR\" \/>\n<meta property=\"og:type\" content=\"article\" \/>\n<meta property=\"og:title\" content=\"lecture \u00e0 Marseille le 10 d\u00e9cembre 2019 - Laboratoire de St\u00e9phane Nowak Papantoniou\" \/>\n<meta property=\"og:description\" content=\"Les dits du mardi Les dits du mardi&nbsp;accueillent St\u00e9phane Nowak Papantoniou et Micha\u00ebl Batalla.&nbsp;Un programme de rencontres con\u00e7u et organis\u00e9 par Julien Blaine, avec la participation du CIPM et du FID et le soutien amical d&rsquo;Alt(r)a Voce. Les mardis \u00e0 &hellip; Continuer la lecture &rarr;\" \/>\n<meta property=\"og:url\" content=\"https:\/\/nowak-papantoniou.net\/?p=1686\" \/>\n<meta property=\"og:site_name\" content=\"Laboratoire de St\u00e9phane Nowak Papantoniou\" \/>\n<meta property=\"article:published_time\" content=\"2019-12-08T14:24:25+00:00\" \/>\n<meta property=\"article:modified_time\" content=\"2023-04-12T16:28:34+00:00\" \/>\n<meta name=\"author\" content=\"St\u00e9phane Nowak Papantoniou\" \/>\n<meta name=\"twitter:card\" content=\"summary_large_image\" \/>\n<meta name=\"twitter:label1\" content=\"\u00c9crit par\" \/>\n\t<meta name=\"twitter:data1\" content=\"St\u00e9phane Nowak Papantoniou\" \/>\n<script type=\"application\/ld+json\" class=\"yoast-schema-graph\">{\"@context\":\"https:\\\/\\\/schema.org\",\"@graph\":[{\"@type\":\"Article\",\"@id\":\"https:\\\/\\\/nowak-papantoniou.net\\\/?p=1686#article\",\"isPartOf\":{\"@id\":\"https:\\\/\\\/nowak-papantoniou.net\\\/?p=1686\"},\"author\":{\"name\":\"St\u00e9phane Nowak Papantoniou\",\"@id\":\"https:\\\/\\\/nowak-papantoniou.net\\\/#\\\/schema\\\/person\\\/d43605ef0d5681c1b27a4ba1fede1cf4\"},\"headline\":\"lecture \u00e0 Marseille le 10 d\u00e9cembre 2019\",\"datePublished\":\"2019-12-08T14:24:25+00:00\",\"dateModified\":\"2023-04-12T16:28:34+00:00\",\"mainEntityOfPage\":{\"@id\":\"https:\\\/\\\/nowak-papantoniou.net\\\/?p=1686\"},\"wordCount\":57,\"publisher\":{\"@id\":\"https:\\\/\\\/nowak-papantoniou.net\\\/#\\\/schema\\\/person\\\/d43605ef0d5681c1b27a4ba1fede1cf4\"},\"articleSection\":[\"interventions\"],\"inLanguage\":\"fr-FR\"},{\"@type\":\"WebPage\",\"@id\":\"https:\\\/\\\/nowak-papantoniou.net\\\/?p=1686\",\"url\":\"https:\\\/\\\/nowak-papantoniou.net\\\/?p=1686\",\"name\":\"lecture \u00e0 Marseille le 10 d\u00e9cembre 2019 - Laboratoire de St\u00e9phane Nowak Papantoniou\",\"isPartOf\":{\"@id\":\"https:\\\/\\\/nowak-papantoniou.net\\\/#website\"},\"datePublished\":\"2019-12-08T14:24:25+00:00\",\"dateModified\":\"2023-04-12T16:28:34+00:00\",\"breadcrumb\":{\"@id\":\"https:\\\/\\\/nowak-papantoniou.net\\\/?p=1686#breadcrumb\"},\"inLanguage\":\"fr-FR\",\"potentialAction\":[{\"@type\":\"ReadAction\",\"target\":[\"https:\\\/\\\/nowak-papantoniou.net\\\/?p=1686\"]}]},{\"@type\":\"BreadcrumbList\",\"@id\":\"https:\\\/\\\/nowak-papantoniou.net\\\/?p=1686#breadcrumb\",\"itemListElement\":[{\"@type\":\"ListItem\",\"position\":1,\"name\":\"Accueil\",\"item\":\"https:\\\/\\\/nowak-papantoniou.net\\\/\"},{\"@type\":\"ListItem\",\"position\":2,\"name\":\"lecture \u00e0 Marseille le 10 d\u00e9cembre 2019\"}]},{\"@type\":\"WebSite\",\"@id\":\"https:\\\/\\\/nowak-papantoniou.net\\\/#website\",\"url\":\"https:\\\/\\\/nowak-papantoniou.net\\\/\",\"name\":\"Laboratoire de St\u00e9phane Nowak Papantoniou\",\"description\":\"labo textuel, visuel et sonore\",\"publisher\":{\"@id\":\"https:\\\/\\\/nowak-papantoniou.net\\\/#\\\/schema\\\/person\\\/d43605ef0d5681c1b27a4ba1fede1cf4\"},\"potentialAction\":[{\"@type\":\"SearchAction\",\"target\":{\"@type\":\"EntryPoint\",\"urlTemplate\":\"https:\\\/\\\/nowak-papantoniou.net\\\/?s={search_term_string}\"},\"query-input\":{\"@type\":\"PropertyValueSpecification\",\"valueRequired\":true,\"valueName\":\"search_term_string\"}}],\"inLanguage\":\"fr-FR\"},{\"@type\":[\"Person\",\"Organization\"],\"@id\":\"https:\\\/\\\/nowak-papantoniou.net\\\/#\\\/schema\\\/person\\\/d43605ef0d5681c1b27a4ba1fede1cf4\",\"name\":\"St\u00e9phane Nowak Papantoniou\",\"logo\":{\"@id\":\"https:\\\/\\\/nowak-papantoniou.net\\\/#\\\/schema\\\/person\\\/image\\\/\"},\"url\":\"https:\\\/\\\/nowak-papantoniou.net\\\/?author=1\"}]}<\/script>\n<!-- \/ Yoast SEO plugin. -->","yoast_head_json":{"title":"lecture \u00e0 Marseille le 10 d\u00e9cembre 2019 - Laboratoire de St\u00e9phane Nowak Papantoniou","robots":{"index":"index","follow":"follow","max-snippet":"max-snippet:-1","max-image-preview":"max-image-preview:large","max-video-preview":"max-video-preview:-1"},"canonical":"https:\/\/nowak-papantoniou.net\/?p=1686","og_locale":"fr_FR","og_type":"article","og_title":"lecture \u00e0 Marseille le 10 d\u00e9cembre 2019 - Laboratoire de St\u00e9phane Nowak Papantoniou","og_description":"Les dits du mardi Les dits du mardi&nbsp;accueillent St\u00e9phane Nowak Papantoniou et Micha\u00ebl Batalla.&nbsp;Un programme de rencontres con\u00e7u et organis\u00e9 par Julien Blaine, avec la participation du CIPM et du FID et le soutien amical d&rsquo;Alt(r)a Voce. Les mardis \u00e0 &hellip; Continuer la lecture &rarr;","og_url":"https:\/\/nowak-papantoniou.net\/?p=1686","og_site_name":"Laboratoire de St\u00e9phane Nowak Papantoniou","article_published_time":"2019-12-08T14:24:25+00:00","article_modified_time":"2023-04-12T16:28:34+00:00","author":"St\u00e9phane Nowak Papantoniou","twitter_card":"summary_large_image","twitter_misc":{"\u00c9crit par":"St\u00e9phane Nowak Papantoniou"},"schema":{"@context":"https:\/\/schema.org","@graph":[{"@type":"Article","@id":"https:\/\/nowak-papantoniou.net\/?p=1686#article","isPartOf":{"@id":"https:\/\/nowak-papantoniou.net\/?p=1686"},"author":{"name":"St\u00e9phane Nowak Papantoniou","@id":"https:\/\/nowak-papantoniou.net\/#\/schema\/person\/d43605ef0d5681c1b27a4ba1fede1cf4"},"headline":"lecture \u00e0 Marseille le 10 d\u00e9cembre 2019","datePublished":"2019-12-08T14:24:25+00:00","dateModified":"2023-04-12T16:28:34+00:00","mainEntityOfPage":{"@id":"https:\/\/nowak-papantoniou.net\/?p=1686"},"wordCount":57,"publisher":{"@id":"https:\/\/nowak-papantoniou.net\/#\/schema\/person\/d43605ef0d5681c1b27a4ba1fede1cf4"},"articleSection":["interventions"],"inLanguage":"fr-FR"},{"@type":"WebPage","@id":"https:\/\/nowak-papantoniou.net\/?p=1686","url":"https:\/\/nowak-papantoniou.net\/?p=1686","name":"lecture \u00e0 Marseille le 10 d\u00e9cembre 2019 - Laboratoire de St\u00e9phane Nowak Papantoniou","isPartOf":{"@id":"https:\/\/nowak-papantoniou.net\/#website"},"datePublished":"2019-12-08T14:24:25+00:00","dateModified":"2023-04-12T16:28:34+00:00","breadcrumb":{"@id":"https:\/\/nowak-papantoniou.net\/?p=1686#breadcrumb"},"inLanguage":"fr-FR","potentialAction":[{"@type":"ReadAction","target":["https:\/\/nowak-papantoniou.net\/?p=1686"]}]},{"@type":"BreadcrumbList","@id":"https:\/\/nowak-papantoniou.net\/?p=1686#breadcrumb","itemListElement":[{"@type":"ListItem","position":1,"name":"Accueil","item":"https:\/\/nowak-papantoniou.net\/"},{"@type":"ListItem","position":2,"name":"lecture \u00e0 Marseille le 10 d\u00e9cembre 2019"}]},{"@type":"WebSite","@id":"https:\/\/nowak-papantoniou.net\/#website","url":"https:\/\/nowak-papantoniou.net\/","name":"Laboratoire de St\u00e9phane Nowak Papantoniou","description":"labo textuel, visuel et sonore","publisher":{"@id":"https:\/\/nowak-papantoniou.net\/#\/schema\/person\/d43605ef0d5681c1b27a4ba1fede1cf4"},"potentialAction":[{"@type":"SearchAction","target":{"@type":"EntryPoint","urlTemplate":"https:\/\/nowak-papantoniou.net\/?s={search_term_string}"},"query-input":{"@type":"PropertyValueSpecification","valueRequired":true,"valueName":"search_term_string"}}],"inLanguage":"fr-FR"},{"@type":["Person","Organization"],"@id":"https:\/\/nowak-papantoniou.net\/#\/schema\/person\/d43605ef0d5681c1b27a4ba1fede1cf4","name":"St\u00e9phane Nowak Papantoniou","logo":{"@id":"https:\/\/nowak-papantoniou.net\/#\/schema\/person\/image\/"},"url":"https:\/\/nowak-papantoniou.net\/?author=1"}]}},"_links":{"self":[{"href":"https:\/\/nowak-papantoniou.net\/index.php?rest_route=\/wp\/v2\/posts\/1686","targetHints":{"allow":["GET"]}}],"collection":[{"href":"https:\/\/nowak-papantoniou.net\/index.php?rest_route=\/wp\/v2\/posts"}],"about":[{"href":"https:\/\/nowak-papantoniou.net\/index.php?rest_route=\/wp\/v2\/types\/post"}],"author":[{"embeddable":true,"href":"https:\/\/nowak-papantoniou.net\/index.php?rest_route=\/wp\/v2\/users\/1"}],"replies":[{"embeddable":true,"href":"https:\/\/nowak-papantoniou.net\/index.php?rest_route=%2Fwp%2Fv2%2Fcomments&post=1686"}],"version-history":[{"count":1,"href":"https:\/\/nowak-papantoniou.net\/index.php?rest_route=\/wp\/v2\/posts\/1686\/revisions"}],"predecessor-version":[{"id":1687,"href":"https:\/\/nowak-papantoniou.net\/index.php?rest_route=\/wp\/v2\/posts\/1686\/revisions\/1687"}],"wp:attachment":[{"href":"https:\/\/nowak-papantoniou.net\/index.php?rest_route=%2Fwp%2Fv2%2Fmedia&parent=1686"}],"wp:term":[{"taxonomy":"category","embeddable":true,"href":"https:\/\/nowak-papantoniou.net\/index.php?rest_route=%2Fwp%2Fv2%2Fcategories&post=1686"},{"taxonomy":"post_tag","embeddable":true,"href":"https:\/\/nowak-papantoniou.net\/index.php?rest_route=%2Fwp%2Fv2%2Ftags&post=1686"}],"curies":[{"name":"wp","href":"https:\/\/api.w.org\/{rel}","templated":true}]}}