{"id":1701,"date":"2019-09-01T18:48:21","date_gmt":"2019-09-01T16:48:21","guid":{"rendered":"http:\/\/nowak-papantoniou.net\/WordPress3\/?p=1701"},"modified":"2023-04-12T17:27:12","modified_gmt":"2023-04-12T15:27:12","slug":"articles-critiques","status":"publish","type":"post","link":"https:\/\/nowak-papantoniou.net\/?p=1701","title":{"rendered":"articles critiques"},"content":{"rendered":"\n<ul class=\"wp-block-list\"><li>\u00ab\u2009Ou, i ou O, ui\u2009?\u2009\u00bb,<strong>&nbsp;<\/strong>revue Vakxicon.gr n<sup>o<\/sup>&nbsp;35, 2016. En ligne&nbsp;:&nbsp;<a href=\"http:\/\/www.vakxikon.gr\/oui-ou-oui-%CF%84%CE%BF%CF%85-stephane-nowak-papantoniou\/\">www.vakxikon.gr\/oui-ou-oui-\u03c4\u03bf\u03c5-stephane-nowak-papantoniou\/<\/a><\/li><li>\u00ab\u2009Alfredo Costa Monteiro&nbsp;: Anima\/Aspis\u2009\u00bb,&nbsp;<em>Cahiers critiques de po\u00e9sie<\/em>&nbsp;(Centre international de Po\u00e9sie Marseille), 33-1, 2016.<\/li><li>\u00ab\u2009Jean-Fran\u00e7ois Bory&nbsp;: Un hiver pr\u00e8s des ptyx\u2009\u00bb,&nbsp;<em>Cahiers critiques de po\u00e9sie<\/em>&nbsp;(Centre international de Po\u00e9sie Marseille), 31-3, 2016.<\/li><li>\u00ab\u2009Laura Vazquez&nbsp;: Le syst\u00e8me naturel et simplifi\u00e9\/Menace\u2009\u00bb,&nbsp;<em>Cahiers critiques de po\u00e9sie<\/em>&nbsp;(Centre international de Po\u00e9sie Marseille), 31-3, 2016.<\/li><li><em>La po\u00e9sie de Jean-Michel Espitallier<\/em>, livret p\u00e9dagogique \u00e0 destination des enseignants,&nbsp;<em>Livres at auteurs d\u2019aujourd\u2019hui,&nbsp;<\/em>Ciclic,&nbsp;avec le soutien du Conseil r\u00e9gional et de la DRAC Centre Val-de-Loire et en partenariat avec le Rectorat de l\u2019acad\u00e9mie Orl\u00e9ans-Tours, la DRAAF et le Centre national du livre.&nbsp;En ligne&nbsp;:&nbsp;<a href=\"http:\/\/www.ciclic.fr\/sites\/default\/files\/fichiers\/livret_lalapdf2015.pdf\">http:\/\/www.ciclic.fr\/sites\/default\/files\/fichiers\/livret_lalapdf2015.pdf<\/a><\/li><li>\u00ab\u2009Amandine Andr\u00e9&nbsp;: Quelque chose\u2009\u00bb,&nbsp;<em>Cahiers critiques de po\u00e9sie<\/em>&nbsp;(Centre international de Po\u00e9sie Marseille), 30-4, 2015.<\/li><li>\u00ab\u2009Jean-Michel Espitallier&nbsp;: Salle des machines\u2009\u00bb,&nbsp;<em>Cahiers critiques de po\u00e9sie<\/em>&nbsp;(Centre international de Po\u00e9sie Marseille), 30-4, 2015.&nbsp;En ligne&nbsp;:<a href=\"http:\/\/cahiercritiquedepoesie.fr\/chroniqueurs\/stephane-nowak-2\">http:\/\/cahiercritiquedepoesie.fr\/chroniqueurs\/stephane-nowak-2<\/a><\/li><li><em>Qu\u2019est-ce que le commandement\u2009?,&nbsp;<\/em>revue Inferno n\u00b0&nbsp;2, 2014.<\/li><li><em>M\u00e9canique tapuscrite. Les tapuscrits de Bernard Heidsieck<\/em>, revue Inferno n\u00b0&nbsp;3, 2014.&nbsp;<\/li><\/ul>\n","protected":false},"excerpt":{"rendered":"<p>\u00ab\u2009Ou, i ou O, ui\u2009?\u2009\u00bb,&nbsp;revue Vakxicon.gr no&nbsp;35, 2016. En ligne&nbsp;:&nbsp;www.vakxikon.gr\/oui-ou-oui-\u03c4\u03bf\u03c5-stephane-nowak-papantoniou\/ \u00ab\u2009Alfredo Costa Monteiro&nbsp;: Anima\/Aspis\u2009\u00bb,&nbsp;Cahiers critiques de po\u00e9sie&nbsp;(Centre international de Po\u00e9sie Marseille), 33-1, 2016. \u00ab\u2009Jean-Fran\u00e7ois Bory&nbsp;: Un hiver pr\u00e8s des ptyx\u2009\u00bb,&nbsp;Cahiers critiques de po\u00e9sie&nbsp;(Centre international de Po\u00e9sie Marseille), 31-3, 2016. \u00ab\u2009Laura &hellip; <a href=\"https:\/\/nowak-papantoniou.net\/?p=1701\">Continuer la lecture <span class=\"meta-nav\">&rarr;<\/span><\/a><\/p>\n","protected":false},"author":1,"featured_media":0,"comment_status":"closed","ping_status":"open","sticky":false,"template":"","format":"standard","meta":{"footnotes":""},"categories":[16],"tags":[],"class_list":["post-1701","post","type-post","status-publish","format-standard","hentry","category-recherche"],"yoast_head":"<!-- This site is optimized with the Yoast SEO plugin v27.4 - https:\/\/yoast.com\/product\/yoast-seo-wordpress\/ -->\n<title>articles critiques - Laboratoire de St\u00e9phane Nowak Papantoniou<\/title>\n<meta name=\"robots\" content=\"index, follow, max-snippet:-1, max-image-preview:large, max-video-preview:-1\" \/>\n<link rel=\"canonical\" href=\"https:\/\/nowak-papantoniou.net\/?p=1701\" \/>\n<meta property=\"og:locale\" content=\"fr_FR\" \/>\n<meta property=\"og:type\" content=\"article\" \/>\n<meta property=\"og:title\" content=\"articles critiques - Laboratoire de St\u00e9phane Nowak Papantoniou\" \/>\n<meta property=\"og:description\" content=\"\u00ab\u2009Ou, i ou O, ui\u2009?\u2009\u00bb,&nbsp;revue Vakxicon.gr no&nbsp;35, 2016. En ligne&nbsp;:&nbsp;www.vakxikon.gr\/oui-ou-oui-\u03c4\u03bf\u03c5-stephane-nowak-papantoniou\/ \u00ab\u2009Alfredo Costa Monteiro&nbsp;: Anima\/Aspis\u2009\u00bb,&nbsp;Cahiers critiques de po\u00e9sie&nbsp;(Centre international de Po\u00e9sie Marseille), 33-1, 2016. \u00ab\u2009Jean-Fran\u00e7ois Bory&nbsp;: Un hiver pr\u00e8s des ptyx\u2009\u00bb,&nbsp;Cahiers critiques de po\u00e9sie&nbsp;(Centre international de Po\u00e9sie Marseille), 31-3, 2016. \u00ab\u2009Laura &hellip; Continuer la lecture &rarr;\" \/>\n<meta property=\"og:url\" content=\"https:\/\/nowak-papantoniou.net\/?p=1701\" \/>\n<meta property=\"og:site_name\" content=\"Laboratoire de St\u00e9phane Nowak Papantoniou\" \/>\n<meta property=\"article:published_time\" content=\"2019-09-01T16:48:21+00:00\" \/>\n<meta property=\"article:modified_time\" content=\"2023-04-12T15:27:12+00:00\" \/>\n<meta name=\"author\" content=\"St\u00e9phane Nowak Papantoniou\" \/>\n<meta name=\"twitter:card\" content=\"summary_large_image\" \/>\n<meta name=\"twitter:label1\" content=\"\u00c9crit par\" \/>\n\t<meta name=\"twitter:data1\" content=\"St\u00e9phane Nowak Papantoniou\" \/>\n\t<meta name=\"twitter:label2\" content=\"Dur\u00e9e de lecture estim\u00e9e\" \/>\n\t<meta name=\"twitter:data2\" content=\"1 minute\" \/>\n<script type=\"application\/ld+json\" class=\"yoast-schema-graph\">{\"@context\":\"https:\\\/\\\/schema.org\",\"@graph\":[{\"@type\":\"Article\",\"@id\":\"https:\\\/\\\/nowak-papantoniou.net\\\/?p=1701#article\",\"isPartOf\":{\"@id\":\"https:\\\/\\\/nowak-papantoniou.net\\\/?p=1701\"},\"author\":{\"name\":\"St\u00e9phane Nowak Papantoniou\",\"@id\":\"https:\\\/\\\/nowak-papantoniou.net\\\/#\\\/schema\\\/person\\\/d43605ef0d5681c1b27a4ba1fede1cf4\"},\"headline\":\"articles critiques\",\"datePublished\":\"2019-09-01T16:48:21+00:00\",\"dateModified\":\"2023-04-12T15:27:12+00:00\",\"mainEntityOfPage\":{\"@id\":\"https:\\\/\\\/nowak-papantoniou.net\\\/?p=1701\"},\"wordCount\":232,\"publisher\":{\"@id\":\"https:\\\/\\\/nowak-papantoniou.net\\\/#\\\/schema\\\/person\\\/d43605ef0d5681c1b27a4ba1fede1cf4\"},\"articleSection\":[\"recherche\"],\"inLanguage\":\"fr-FR\"},{\"@type\":\"WebPage\",\"@id\":\"https:\\\/\\\/nowak-papantoniou.net\\\/?p=1701\",\"url\":\"https:\\\/\\\/nowak-papantoniou.net\\\/?p=1701\",\"name\":\"articles critiques - Laboratoire de St\u00e9phane Nowak Papantoniou\",\"isPartOf\":{\"@id\":\"https:\\\/\\\/nowak-papantoniou.net\\\/#website\"},\"datePublished\":\"2019-09-01T16:48:21+00:00\",\"dateModified\":\"2023-04-12T15:27:12+00:00\",\"breadcrumb\":{\"@id\":\"https:\\\/\\\/nowak-papantoniou.net\\\/?p=1701#breadcrumb\"},\"inLanguage\":\"fr-FR\",\"potentialAction\":[{\"@type\":\"ReadAction\",\"target\":[\"https:\\\/\\\/nowak-papantoniou.net\\\/?p=1701\"]}]},{\"@type\":\"BreadcrumbList\",\"@id\":\"https:\\\/\\\/nowak-papantoniou.net\\\/?p=1701#breadcrumb\",\"itemListElement\":[{\"@type\":\"ListItem\",\"position\":1,\"name\":\"Accueil\",\"item\":\"https:\\\/\\\/nowak-papantoniou.net\\\/\"},{\"@type\":\"ListItem\",\"position\":2,\"name\":\"articles critiques\"}]},{\"@type\":\"WebSite\",\"@id\":\"https:\\\/\\\/nowak-papantoniou.net\\\/#website\",\"url\":\"https:\\\/\\\/nowak-papantoniou.net\\\/\",\"name\":\"Laboratoire de St\u00e9phane Nowak Papantoniou\",\"description\":\"labo textuel, visuel et sonore\",\"publisher\":{\"@id\":\"https:\\\/\\\/nowak-papantoniou.net\\\/#\\\/schema\\\/person\\\/d43605ef0d5681c1b27a4ba1fede1cf4\"},\"potentialAction\":[{\"@type\":\"SearchAction\",\"target\":{\"@type\":\"EntryPoint\",\"urlTemplate\":\"https:\\\/\\\/nowak-papantoniou.net\\\/?s={search_term_string}\"},\"query-input\":{\"@type\":\"PropertyValueSpecification\",\"valueRequired\":true,\"valueName\":\"search_term_string\"}}],\"inLanguage\":\"fr-FR\"},{\"@type\":[\"Person\",\"Organization\"],\"@id\":\"https:\\\/\\\/nowak-papantoniou.net\\\/#\\\/schema\\\/person\\\/d43605ef0d5681c1b27a4ba1fede1cf4\",\"name\":\"St\u00e9phane Nowak Papantoniou\",\"logo\":{\"@id\":\"https:\\\/\\\/nowak-papantoniou.net\\\/#\\\/schema\\\/person\\\/image\\\/\"},\"url\":\"https:\\\/\\\/nowak-papantoniou.net\\\/?author=1\"}]}<\/script>\n<!-- \/ Yoast SEO plugin. -->","yoast_head_json":{"title":"articles critiques - Laboratoire de St\u00e9phane Nowak Papantoniou","robots":{"index":"index","follow":"follow","max-snippet":"max-snippet:-1","max-image-preview":"max-image-preview:large","max-video-preview":"max-video-preview:-1"},"canonical":"https:\/\/nowak-papantoniou.net\/?p=1701","og_locale":"fr_FR","og_type":"article","og_title":"articles critiques - Laboratoire de St\u00e9phane Nowak Papantoniou","og_description":"\u00ab\u2009Ou, i ou O, ui\u2009?\u2009\u00bb,&nbsp;revue Vakxicon.gr no&nbsp;35, 2016. En ligne&nbsp;:&nbsp;www.vakxikon.gr\/oui-ou-oui-\u03c4\u03bf\u03c5-stephane-nowak-papantoniou\/ \u00ab\u2009Alfredo Costa Monteiro&nbsp;: Anima\/Aspis\u2009\u00bb,&nbsp;Cahiers critiques de po\u00e9sie&nbsp;(Centre international de Po\u00e9sie Marseille), 33-1, 2016. \u00ab\u2009Jean-Fran\u00e7ois Bory&nbsp;: Un hiver pr\u00e8s des ptyx\u2009\u00bb,&nbsp;Cahiers critiques de po\u00e9sie&nbsp;(Centre international de Po\u00e9sie Marseille), 31-3, 2016. \u00ab\u2009Laura &hellip; Continuer la lecture &rarr;","og_url":"https:\/\/nowak-papantoniou.net\/?p=1701","og_site_name":"Laboratoire de St\u00e9phane Nowak Papantoniou","article_published_time":"2019-09-01T16:48:21+00:00","article_modified_time":"2023-04-12T15:27:12+00:00","author":"St\u00e9phane Nowak Papantoniou","twitter_card":"summary_large_image","twitter_misc":{"\u00c9crit par":"St\u00e9phane Nowak Papantoniou","Dur\u00e9e de lecture estim\u00e9e":"1 minute"},"schema":{"@context":"https:\/\/schema.org","@graph":[{"@type":"Article","@id":"https:\/\/nowak-papantoniou.net\/?p=1701#article","isPartOf":{"@id":"https:\/\/nowak-papantoniou.net\/?p=1701"},"author":{"name":"St\u00e9phane Nowak Papantoniou","@id":"https:\/\/nowak-papantoniou.net\/#\/schema\/person\/d43605ef0d5681c1b27a4ba1fede1cf4"},"headline":"articles critiques","datePublished":"2019-09-01T16:48:21+00:00","dateModified":"2023-04-12T15:27:12+00:00","mainEntityOfPage":{"@id":"https:\/\/nowak-papantoniou.net\/?p=1701"},"wordCount":232,"publisher":{"@id":"https:\/\/nowak-papantoniou.net\/#\/schema\/person\/d43605ef0d5681c1b27a4ba1fede1cf4"},"articleSection":["recherche"],"inLanguage":"fr-FR"},{"@type":"WebPage","@id":"https:\/\/nowak-papantoniou.net\/?p=1701","url":"https:\/\/nowak-papantoniou.net\/?p=1701","name":"articles critiques - Laboratoire de St\u00e9phane Nowak Papantoniou","isPartOf":{"@id":"https:\/\/nowak-papantoniou.net\/#website"},"datePublished":"2019-09-01T16:48:21+00:00","dateModified":"2023-04-12T15:27:12+00:00","breadcrumb":{"@id":"https:\/\/nowak-papantoniou.net\/?p=1701#breadcrumb"},"inLanguage":"fr-FR","potentialAction":[{"@type":"ReadAction","target":["https:\/\/nowak-papantoniou.net\/?p=1701"]}]},{"@type":"BreadcrumbList","@id":"https:\/\/nowak-papantoniou.net\/?p=1701#breadcrumb","itemListElement":[{"@type":"ListItem","position":1,"name":"Accueil","item":"https:\/\/nowak-papantoniou.net\/"},{"@type":"ListItem","position":2,"name":"articles critiques"}]},{"@type":"WebSite","@id":"https:\/\/nowak-papantoniou.net\/#website","url":"https:\/\/nowak-papantoniou.net\/","name":"Laboratoire de St\u00e9phane Nowak Papantoniou","description":"labo textuel, visuel et sonore","publisher":{"@id":"https:\/\/nowak-papantoniou.net\/#\/schema\/person\/d43605ef0d5681c1b27a4ba1fede1cf4"},"potentialAction":[{"@type":"SearchAction","target":{"@type":"EntryPoint","urlTemplate":"https:\/\/nowak-papantoniou.net\/?s={search_term_string}"},"query-input":{"@type":"PropertyValueSpecification","valueRequired":true,"valueName":"search_term_string"}}],"inLanguage":"fr-FR"},{"@type":["Person","Organization"],"@id":"https:\/\/nowak-papantoniou.net\/#\/schema\/person\/d43605ef0d5681c1b27a4ba1fede1cf4","name":"St\u00e9phane Nowak Papantoniou","logo":{"@id":"https:\/\/nowak-papantoniou.net\/#\/schema\/person\/image\/"},"url":"https:\/\/nowak-papantoniou.net\/?author=1"}]}},"_links":{"self":[{"href":"https:\/\/nowak-papantoniou.net\/index.php?rest_route=\/wp\/v2\/posts\/1701","targetHints":{"allow":["GET"]}}],"collection":[{"href":"https:\/\/nowak-papantoniou.net\/index.php?rest_route=\/wp\/v2\/posts"}],"about":[{"href":"https:\/\/nowak-papantoniou.net\/index.php?rest_route=\/wp\/v2\/types\/post"}],"author":[{"embeddable":true,"href":"https:\/\/nowak-papantoniou.net\/index.php?rest_route=\/wp\/v2\/users\/1"}],"replies":[{"embeddable":true,"href":"https:\/\/nowak-papantoniou.net\/index.php?rest_route=%2Fwp%2Fv2%2Fcomments&post=1701"}],"version-history":[{"count":1,"href":"https:\/\/nowak-papantoniou.net\/index.php?rest_route=\/wp\/v2\/posts\/1701\/revisions"}],"predecessor-version":[{"id":1702,"href":"https:\/\/nowak-papantoniou.net\/index.php?rest_route=\/wp\/v2\/posts\/1701\/revisions\/1702"}],"wp:attachment":[{"href":"https:\/\/nowak-papantoniou.net\/index.php?rest_route=%2Fwp%2Fv2%2Fmedia&parent=1701"}],"wp:term":[{"taxonomy":"category","embeddable":true,"href":"https:\/\/nowak-papantoniou.net\/index.php?rest_route=%2Fwp%2Fv2%2Fcategories&post=1701"},{"taxonomy":"post_tag","embeddable":true,"href":"https:\/\/nowak-papantoniou.net\/index.php?rest_route=%2Fwp%2Fv2%2Ftags&post=1701"}],"curies":[{"name":"wp","href":"https:\/\/api.w.org\/{rel}","templated":true}]}}