{"id":1703,"date":"2019-06-01T18:49:28","date_gmt":"2019-06-01T16:49:28","guid":{"rendered":"http:\/\/nowak-papantoniou.net\/WordPress3\/?p=1703"},"modified":"2023-04-12T18:29:26","modified_gmt":"2023-04-12T16:29:26","slug":"lecture-a-la-sorbonne-le-8-juin-2019","status":"publish","type":"post","link":"https:\/\/nowak-papantoniou.net\/?p=1703","title":{"rendered":"lecture \u00e0 la Sorbonne le 8 juin 2019"},"content":{"rendered":"\n<h1 class=\"wp-block-heading\">Nuit Remue | Samedi 8 juin 2019 \u00e0 18h30<\/h1>\n\n\n\n<figure class=\"wp-block-image\"><img decoding=\"async\" src=\"https:\/\/remue.net\/IMG\/jpg\/paris-sorbonne.jpg\" alt=\"\"\/><\/figure>\n\n\n\n<p><strong>Biblioth\u00e8que Ascoli<\/strong>&nbsp;&#8211; Escalier C, 2\u00e8me \u00e9tage<br \/>17, rue de la&nbsp;<strong>Sorbonne<\/strong>. 1, rue Victor-Cousin<br \/>Paris 5\u00e8me Arrondissement. Acc\u00e8s&nbsp;: Luxembourg ou Cluny La Sorbonne (RER)<br \/>St Michel (ligne 4 m\u00e9tro). De la place St Sulpice (March\u00e9 de la po\u00e9sie), traverser<br \/>le jardin du Luxembourg (\u00e0 pied).<\/p>\n\n\n\n<p><strong>Attention&nbsp;! pour des raisons de s\u00e9curit\u00e9, l\u2019inscription est obligatoire.&nbsp;<\/strong><br \/>Toute personne souhaitant assister \u00e0 La Nuit Remue doit s\u2019inscrire au pr\u00e9alable aupr\u00e8s de Cyrille Martinez.<br \/><strong>cyrille.martinez [arobase] sorbonne-universite.fr<\/strong><br \/>COMPLET<br \/><strong>En cas de d\u00e9sistement, merci de nous l\u2019indiquer, certains n\u2019ayant pas de place&#8230;<br \/><\/strong><\/p>\n\n\n\n<p><br \/><strong>Programme<\/strong><\/p>\n\n\n\n<p><br \/><strong>. 18h30&nbsp;<\/strong>Accueil du public<\/p>\n\n\n\n<p><br \/><strong>. 19h00<\/strong>&nbsp;Premier round<\/p>\n\n\n\n<p>Laurent Grisel lit&nbsp;<em>Dominique Dussidour<\/em><\/p>\n\n\n\n<p>Eric Houser<\/p>\n\n\n\n<p>B\u00e9reng\u00e8re Cournut<\/p>\n\n\n\n<p>St\u00e9phane Nowak Papantoniou<\/p>\n\n\n\n<p>Marie de Quatrebarbes<\/p>\n\n\n\n<p>Esther Salmona<\/p>\n\n\n\n<p>Christophe Fiat<\/p>\n\n\n\n<p><br \/><br \/><strong>. 20h00 \u2013 20h30<\/strong>&nbsp;Pause<\/p>\n\n\n\n<p><br \/><br \/><strong>. 20h30&nbsp;<\/strong>Deuxi\u00e8me round<\/p>\n\n\n\n<p>V\u00e9ronique Vassiliou<\/p>\n\n\n\n<p>Beno\u00eet Toqu\u00e9<\/p>\n\n\n\n<p>Pascale Petit<\/p>\n\n\n\n<p>David Lespiau<\/p>\n\n\n\n<p>Jean-Ren\u00e9 Lassalle<\/p>\n\n\n\n<p>Sonia Chiambretto<\/p>\n\n\n\n<p>Cristina De Simone et Sylvain Kassap<\/p>\n\n\n\n<p><strong>. 21h30<\/strong>&nbsp;fin<\/p>\n\n\n\n<p><br \/>La Nuit Remue est propos\u00e9e par Emmanu\u00e8le Jawad et Vannina Maestri&nbsp;<br \/>avec l\u2019aide amicale de Cyrille Martinez.<\/p>\n\n\n\n<p><br \/><strong>Derni\u00e8res publications des participants \u00e0 la Nuit Remue<\/strong>&nbsp;:<\/p>\n\n\n\n<p>. Laurent Grisel lira&nbsp;<strong>Dominique Dussidour<\/strong>&nbsp;. Derni\u00e8re publication&nbsp;:&nbsp;<em>Sade romancier,<\/em>&nbsp;Serge Safran \u00e9diteur<\/p>\n\n\n\n<p><strong>. Eric Houser<\/strong>,&nbsp;<em>un d\u00e9but un milieu une fin,<\/em>&nbsp;Eric Pesty Editeur<\/p>\n\n\n\n<p><strong>. B\u00e9reng\u00e8re Cournut<\/strong>,&nbsp;<em>Par-del\u00e0 nos corps,<\/em>&nbsp;Le Tripode<\/p>\n\n\n\n<p><strong>. St\u00e9phane Nowak Papantoniou<\/strong>,&nbsp;<em>nos secrets sont po\u00e9tiques,<\/em>&nbsp;Les presses du r\u00e9el<\/p>\n\n\n\n<p><strong>. Marie de Quatrebarbes<\/strong>,&nbsp;<em>Voguer<\/em>, P.O.L<\/p>\n\n\n\n<p><strong>. Esther Salmona<\/strong>,&nbsp;<em>Amen\u00e9es<\/em>, Eric Pesty Editeur<\/p>\n\n\n\n<p><strong>. Christophe Fiat<\/strong>,&nbsp;<em>Retour d\u2019Iwaki<\/em>, Gallimard<\/p>\n\n\n\n<p><strong>. V\u00e9ronique Vassiliou<\/strong>,&nbsp;<em>Jam Jam<\/em>, Argol<\/p>\n\n\n\n<p><strong>. Cristina De Simone<\/strong>,&nbsp;<em>Prof\u00e9ractions&nbsp;! \u2013 Po\u00e9sie en action \u00e0 Paris (1946-1969)<\/em>,&nbsp;<br \/>les presses du r\u00e9el<\/p>\n\n\n\n<p><strong>. Beno\u00eet Toqu\u00e9<\/strong>,&nbsp;<em>gloire gouaille gosier<\/em>, Supernova<\/p>\n\n\n\n<p><strong>. Pascale Petit<\/strong>,&nbsp;<em>Le Parfum du jour est fraise<\/em>, L\u2019Attente<\/p>\n\n\n\n<p><strong>. David Lespiau<\/strong>,&nbsp;<em>\u00e9quilibre libellule niveau<\/em>, P.O.L<\/p>\n\n\n\n<p><strong>. Jean-Ren\u00e9 Lassalle<\/strong>,&nbsp;<em>Sangleil<\/em>, Gr\u00e8ges<\/p>\n\n\n\n<p><strong>. Sonia Chiambretto<\/strong>,&nbsp;<em>Polices&nbsp;!,<\/em>&nbsp;L\u2019Arche<\/p>\n\n\n\n<p><\/p>\n","protected":false},"excerpt":{"rendered":"<p>Nuit Remue | Samedi 8 juin 2019 \u00e0 18h30 Biblioth\u00e8que Ascoli&nbsp;&#8211; Escalier C, 2\u00e8me \u00e9tage17, rue de la&nbsp;Sorbonne. 1, rue Victor-CousinParis 5\u00e8me Arrondissement. Acc\u00e8s&nbsp;: Luxembourg ou Cluny La Sorbonne (RER)St Michel (ligne 4 m\u00e9tro). De la place St Sulpice (March\u00e9 &hellip; <a href=\"https:\/\/nowak-papantoniou.net\/?p=1703\">Continuer la lecture <span class=\"meta-nav\">&rarr;<\/span><\/a><\/p>\n","protected":false},"author":1,"featured_media":0,"comment_status":"closed","ping_status":"open","sticky":false,"template":"","format":"standard","meta":{"footnotes":""},"categories":[13],"tags":[],"class_list":["post-1703","post","type-post","status-publish","format-standard","hentry","category-interventions"],"yoast_head":"<!-- This site is optimized with the Yoast SEO plugin v27.4 - https:\/\/yoast.com\/product\/yoast-seo-wordpress\/ -->\n<title>lecture \u00e0 la Sorbonne le 8 juin 2019 - Laboratoire de St\u00e9phane Nowak Papantoniou<\/title>\n<meta name=\"robots\" content=\"index, follow, max-snippet:-1, max-image-preview:large, max-video-preview:-1\" \/>\n<link rel=\"canonical\" href=\"https:\/\/nowak-papantoniou.net\/?p=1703\" \/>\n<meta property=\"og:locale\" content=\"fr_FR\" \/>\n<meta property=\"og:type\" content=\"article\" \/>\n<meta property=\"og:title\" content=\"lecture \u00e0 la Sorbonne le 8 juin 2019 - Laboratoire de St\u00e9phane Nowak Papantoniou\" \/>\n<meta property=\"og:description\" content=\"Nuit Remue | Samedi 8 juin 2019 \u00e0 18h30 Biblioth\u00e8que Ascoli&nbsp;&#8211; Escalier C, 2\u00e8me \u00e9tage17, rue de la&nbsp;Sorbonne. 1, rue Victor-CousinParis 5\u00e8me Arrondissement. Acc\u00e8s&nbsp;: Luxembourg ou Cluny La Sorbonne (RER)St Michel (ligne 4 m\u00e9tro). De la place St Sulpice (March\u00e9 &hellip; Continuer la lecture &rarr;\" \/>\n<meta property=\"og:url\" content=\"https:\/\/nowak-papantoniou.net\/?p=1703\" \/>\n<meta property=\"og:site_name\" content=\"Laboratoire de St\u00e9phane Nowak Papantoniou\" \/>\n<meta property=\"article:published_time\" content=\"2019-06-01T16:49:28+00:00\" \/>\n<meta property=\"article:modified_time\" content=\"2023-04-12T16:29:26+00:00\" \/>\n<meta property=\"og:image\" content=\"https:\/\/remue.net\/IMG\/jpg\/paris-sorbonne.jpg\" \/>\n<meta name=\"author\" content=\"St\u00e9phane Nowak Papantoniou\" \/>\n<meta name=\"twitter:card\" content=\"summary_large_image\" \/>\n<meta name=\"twitter:label1\" content=\"\u00c9crit par\" \/>\n\t<meta name=\"twitter:data1\" content=\"St\u00e9phane Nowak Papantoniou\" \/>\n\t<meta name=\"twitter:label2\" content=\"Dur\u00e9e de lecture estim\u00e9e\" \/>\n\t<meta name=\"twitter:data2\" content=\"2 minutes\" \/>\n<script type=\"application\/ld+json\" class=\"yoast-schema-graph\">{\"@context\":\"https:\\\/\\\/schema.org\",\"@graph\":[{\"@type\":\"Article\",\"@id\":\"https:\\\/\\\/nowak-papantoniou.net\\\/?p=1703#article\",\"isPartOf\":{\"@id\":\"https:\\\/\\\/nowak-papantoniou.net\\\/?p=1703\"},\"author\":{\"name\":\"St\u00e9phane Nowak Papantoniou\",\"@id\":\"https:\\\/\\\/nowak-papantoniou.net\\\/#\\\/schema\\\/person\\\/d43605ef0d5681c1b27a4ba1fede1cf4\"},\"headline\":\"lecture \u00e0 la Sorbonne le 8 juin 2019\",\"datePublished\":\"2019-06-01T16:49:28+00:00\",\"dateModified\":\"2023-04-12T16:29:26+00:00\",\"mainEntityOfPage\":{\"@id\":\"https:\\\/\\\/nowak-papantoniou.net\\\/?p=1703\"},\"wordCount\":355,\"publisher\":{\"@id\":\"https:\\\/\\\/nowak-papantoniou.net\\\/#\\\/schema\\\/person\\\/d43605ef0d5681c1b27a4ba1fede1cf4\"},\"image\":{\"@id\":\"https:\\\/\\\/nowak-papantoniou.net\\\/?p=1703#primaryimage\"},\"thumbnailUrl\":\"https:\\\/\\\/remue.net\\\/IMG\\\/jpg\\\/paris-sorbonne.jpg\",\"articleSection\":[\"interventions\"],\"inLanguage\":\"fr-FR\"},{\"@type\":\"WebPage\",\"@id\":\"https:\\\/\\\/nowak-papantoniou.net\\\/?p=1703\",\"url\":\"https:\\\/\\\/nowak-papantoniou.net\\\/?p=1703\",\"name\":\"lecture \u00e0 la Sorbonne le 8 juin 2019 - Laboratoire de St\u00e9phane Nowak Papantoniou\",\"isPartOf\":{\"@id\":\"https:\\\/\\\/nowak-papantoniou.net\\\/#website\"},\"primaryImageOfPage\":{\"@id\":\"https:\\\/\\\/nowak-papantoniou.net\\\/?p=1703#primaryimage\"},\"image\":{\"@id\":\"https:\\\/\\\/nowak-papantoniou.net\\\/?p=1703#primaryimage\"},\"thumbnailUrl\":\"https:\\\/\\\/remue.net\\\/IMG\\\/jpg\\\/paris-sorbonne.jpg\",\"datePublished\":\"2019-06-01T16:49:28+00:00\",\"dateModified\":\"2023-04-12T16:29:26+00:00\",\"breadcrumb\":{\"@id\":\"https:\\\/\\\/nowak-papantoniou.net\\\/?p=1703#breadcrumb\"},\"inLanguage\":\"fr-FR\",\"potentialAction\":[{\"@type\":\"ReadAction\",\"target\":[\"https:\\\/\\\/nowak-papantoniou.net\\\/?p=1703\"]}]},{\"@type\":\"ImageObject\",\"inLanguage\":\"fr-FR\",\"@id\":\"https:\\\/\\\/nowak-papantoniou.net\\\/?p=1703#primaryimage\",\"url\":\"https:\\\/\\\/remue.net\\\/IMG\\\/jpg\\\/paris-sorbonne.jpg\",\"contentUrl\":\"https:\\\/\\\/remue.net\\\/IMG\\\/jpg\\\/paris-sorbonne.jpg\"},{\"@type\":\"BreadcrumbList\",\"@id\":\"https:\\\/\\\/nowak-papantoniou.net\\\/?p=1703#breadcrumb\",\"itemListElement\":[{\"@type\":\"ListItem\",\"position\":1,\"name\":\"Accueil\",\"item\":\"https:\\\/\\\/nowak-papantoniou.net\\\/\"},{\"@type\":\"ListItem\",\"position\":2,\"name\":\"lecture \u00e0 la Sorbonne le 8 juin 2019\"}]},{\"@type\":\"WebSite\",\"@id\":\"https:\\\/\\\/nowak-papantoniou.net\\\/#website\",\"url\":\"https:\\\/\\\/nowak-papantoniou.net\\\/\",\"name\":\"Laboratoire de St\u00e9phane Nowak Papantoniou\",\"description\":\"labo textuel, visuel et sonore\",\"publisher\":{\"@id\":\"https:\\\/\\\/nowak-papantoniou.net\\\/#\\\/schema\\\/person\\\/d43605ef0d5681c1b27a4ba1fede1cf4\"},\"potentialAction\":[{\"@type\":\"SearchAction\",\"target\":{\"@type\":\"EntryPoint\",\"urlTemplate\":\"https:\\\/\\\/nowak-papantoniou.net\\\/?s={search_term_string}\"},\"query-input\":{\"@type\":\"PropertyValueSpecification\",\"valueRequired\":true,\"valueName\":\"search_term_string\"}}],\"inLanguage\":\"fr-FR\"},{\"@type\":[\"Person\",\"Organization\"],\"@id\":\"https:\\\/\\\/nowak-papantoniou.net\\\/#\\\/schema\\\/person\\\/d43605ef0d5681c1b27a4ba1fede1cf4\",\"name\":\"St\u00e9phane Nowak Papantoniou\",\"logo\":{\"@id\":\"https:\\\/\\\/nowak-papantoniou.net\\\/#\\\/schema\\\/person\\\/image\\\/\"},\"url\":\"https:\\\/\\\/nowak-papantoniou.net\\\/?author=1\"}]}<\/script>\n<!-- \/ Yoast SEO plugin. -->","yoast_head_json":{"title":"lecture \u00e0 la Sorbonne le 8 juin 2019 - Laboratoire de St\u00e9phane Nowak Papantoniou","robots":{"index":"index","follow":"follow","max-snippet":"max-snippet:-1","max-image-preview":"max-image-preview:large","max-video-preview":"max-video-preview:-1"},"canonical":"https:\/\/nowak-papantoniou.net\/?p=1703","og_locale":"fr_FR","og_type":"article","og_title":"lecture \u00e0 la Sorbonne le 8 juin 2019 - Laboratoire de St\u00e9phane Nowak Papantoniou","og_description":"Nuit Remue | Samedi 8 juin 2019 \u00e0 18h30 Biblioth\u00e8que Ascoli&nbsp;&#8211; Escalier C, 2\u00e8me \u00e9tage17, rue de la&nbsp;Sorbonne. 1, rue Victor-CousinParis 5\u00e8me Arrondissement. Acc\u00e8s&nbsp;: Luxembourg ou Cluny La Sorbonne (RER)St Michel (ligne 4 m\u00e9tro). De la place St Sulpice (March\u00e9 &hellip; Continuer la lecture &rarr;","og_url":"https:\/\/nowak-papantoniou.net\/?p=1703","og_site_name":"Laboratoire de St\u00e9phane Nowak Papantoniou","article_published_time":"2019-06-01T16:49:28+00:00","article_modified_time":"2023-04-12T16:29:26+00:00","og_image":[{"url":"https:\/\/remue.net\/IMG\/jpg\/paris-sorbonne.jpg","type":"","width":"","height":""}],"author":"St\u00e9phane Nowak Papantoniou","twitter_card":"summary_large_image","twitter_misc":{"\u00c9crit par":"St\u00e9phane Nowak Papantoniou","Dur\u00e9e de lecture estim\u00e9e":"2 minutes"},"schema":{"@context":"https:\/\/schema.org","@graph":[{"@type":"Article","@id":"https:\/\/nowak-papantoniou.net\/?p=1703#article","isPartOf":{"@id":"https:\/\/nowak-papantoniou.net\/?p=1703"},"author":{"name":"St\u00e9phane Nowak Papantoniou","@id":"https:\/\/nowak-papantoniou.net\/#\/schema\/person\/d43605ef0d5681c1b27a4ba1fede1cf4"},"headline":"lecture \u00e0 la Sorbonne le 8 juin 2019","datePublished":"2019-06-01T16:49:28+00:00","dateModified":"2023-04-12T16:29:26+00:00","mainEntityOfPage":{"@id":"https:\/\/nowak-papantoniou.net\/?p=1703"},"wordCount":355,"publisher":{"@id":"https:\/\/nowak-papantoniou.net\/#\/schema\/person\/d43605ef0d5681c1b27a4ba1fede1cf4"},"image":{"@id":"https:\/\/nowak-papantoniou.net\/?p=1703#primaryimage"},"thumbnailUrl":"https:\/\/remue.net\/IMG\/jpg\/paris-sorbonne.jpg","articleSection":["interventions"],"inLanguage":"fr-FR"},{"@type":"WebPage","@id":"https:\/\/nowak-papantoniou.net\/?p=1703","url":"https:\/\/nowak-papantoniou.net\/?p=1703","name":"lecture \u00e0 la Sorbonne le 8 juin 2019 - Laboratoire de St\u00e9phane Nowak Papantoniou","isPartOf":{"@id":"https:\/\/nowak-papantoniou.net\/#website"},"primaryImageOfPage":{"@id":"https:\/\/nowak-papantoniou.net\/?p=1703#primaryimage"},"image":{"@id":"https:\/\/nowak-papantoniou.net\/?p=1703#primaryimage"},"thumbnailUrl":"https:\/\/remue.net\/IMG\/jpg\/paris-sorbonne.jpg","datePublished":"2019-06-01T16:49:28+00:00","dateModified":"2023-04-12T16:29:26+00:00","breadcrumb":{"@id":"https:\/\/nowak-papantoniou.net\/?p=1703#breadcrumb"},"inLanguage":"fr-FR","potentialAction":[{"@type":"ReadAction","target":["https:\/\/nowak-papantoniou.net\/?p=1703"]}]},{"@type":"ImageObject","inLanguage":"fr-FR","@id":"https:\/\/nowak-papantoniou.net\/?p=1703#primaryimage","url":"https:\/\/remue.net\/IMG\/jpg\/paris-sorbonne.jpg","contentUrl":"https:\/\/remue.net\/IMG\/jpg\/paris-sorbonne.jpg"},{"@type":"BreadcrumbList","@id":"https:\/\/nowak-papantoniou.net\/?p=1703#breadcrumb","itemListElement":[{"@type":"ListItem","position":1,"name":"Accueil","item":"https:\/\/nowak-papantoniou.net\/"},{"@type":"ListItem","position":2,"name":"lecture \u00e0 la Sorbonne le 8 juin 2019"}]},{"@type":"WebSite","@id":"https:\/\/nowak-papantoniou.net\/#website","url":"https:\/\/nowak-papantoniou.net\/","name":"Laboratoire de St\u00e9phane Nowak Papantoniou","description":"labo textuel, visuel et sonore","publisher":{"@id":"https:\/\/nowak-papantoniou.net\/#\/schema\/person\/d43605ef0d5681c1b27a4ba1fede1cf4"},"potentialAction":[{"@type":"SearchAction","target":{"@type":"EntryPoint","urlTemplate":"https:\/\/nowak-papantoniou.net\/?s={search_term_string}"},"query-input":{"@type":"PropertyValueSpecification","valueRequired":true,"valueName":"search_term_string"}}],"inLanguage":"fr-FR"},{"@type":["Person","Organization"],"@id":"https:\/\/nowak-papantoniou.net\/#\/schema\/person\/d43605ef0d5681c1b27a4ba1fede1cf4","name":"St\u00e9phane Nowak Papantoniou","logo":{"@id":"https:\/\/nowak-papantoniou.net\/#\/schema\/person\/image\/"},"url":"https:\/\/nowak-papantoniou.net\/?author=1"}]}},"_links":{"self":[{"href":"https:\/\/nowak-papantoniou.net\/index.php?rest_route=\/wp\/v2\/posts\/1703","targetHints":{"allow":["GET"]}}],"collection":[{"href":"https:\/\/nowak-papantoniou.net\/index.php?rest_route=\/wp\/v2\/posts"}],"about":[{"href":"https:\/\/nowak-papantoniou.net\/index.php?rest_route=\/wp\/v2\/types\/post"}],"author":[{"embeddable":true,"href":"https:\/\/nowak-papantoniou.net\/index.php?rest_route=\/wp\/v2\/users\/1"}],"replies":[{"embeddable":true,"href":"https:\/\/nowak-papantoniou.net\/index.php?rest_route=%2Fwp%2Fv2%2Fcomments&post=1703"}],"version-history":[{"count":1,"href":"https:\/\/nowak-papantoniou.net\/index.php?rest_route=\/wp\/v2\/posts\/1703\/revisions"}],"predecessor-version":[{"id":1704,"href":"https:\/\/nowak-papantoniou.net\/index.php?rest_route=\/wp\/v2\/posts\/1703\/revisions\/1704"}],"wp:attachment":[{"href":"https:\/\/nowak-papantoniou.net\/index.php?rest_route=%2Fwp%2Fv2%2Fmedia&parent=1703"}],"wp:term":[{"taxonomy":"category","embeddable":true,"href":"https:\/\/nowak-papantoniou.net\/index.php?rest_route=%2Fwp%2Fv2%2Fcategories&post=1703"},{"taxonomy":"post_tag","embeddable":true,"href":"https:\/\/nowak-papantoniou.net\/index.php?rest_route=%2Fwp%2Fv2%2Ftags&post=1703"}],"curies":[{"name":"wp","href":"https:\/\/api.w.org\/{rel}","templated":true}]}}