{"id":2183,"date":"2022-11-21T19:06:31","date_gmt":"2022-11-21T18:06:31","guid":{"rendered":"https:\/\/nowak-papantoniou.net\/?p=2183"},"modified":"2023-05-07T19:10:30","modified_gmt":"2023-05-07T17:10:30","slug":"colloque-le-manifeste-seclate-revolutions-contemporaines-du-manifeste-artistique-et-litteraire-entre-theorie-et-pratique-colloque","status":"publish","type":"post","link":"https:\/\/nowak-papantoniou.net\/?p=2183","title":{"rendered":"Colloque\u00ab\u00a0Le Manifeste s\u2019\u00e9clate. R\u00e9volutions contemporaines du manifeste artistique et litt\u00e9raire, entre th\u00e9orie et pratique\u00a0\u00bb\u00a0Colloque"},"content":{"rendered":"\n<p><\/p>\n\n\n\n<p>Colloque organis\u00e9 par Camille Bloomfield, Jean-Marc Baud, Viviana Birolli, Mette Ruiz, Audrey Ziane.<\/p>\n\n\n\n<figure class=\"wp-block-embed is-type-wp-embed is-provider-cerilac wp-block-embed-cerilac\"><div class=\"wp-block-embed__wrapper\">\n<blockquote class=\"wp-embedded-content\" data-secret=\"XFY6WNsC8y\"><a href=\"https:\/\/u-paris.fr\/cerilac\/colloque-le-manifeste-seclate\/\">Colloque \u00ab\u00a0Le Manifeste s&rsquo;\u00e9clate\u00a0\u00bb<\/a><\/blockquote><iframe loading=\"lazy\" class=\"wp-embedded-content\" sandbox=\"allow-scripts\" security=\"restricted\" style=\"position: absolute; clip: rect(1px, 1px, 1px, 1px);\" title=\"\u00ab\u00a0Colloque \u00ab\u00a0Le Manifeste s&rsquo;\u00e9clate\u00a0\u00bb\u00a0\u00bb &#8212; Cerilac\" src=\"https:\/\/u-paris.fr\/cerilac\/colloque-le-manifeste-seclate\/embed\/#?secret=XFY6WNsC8y\" data-secret=\"XFY6WNsC8y\" width=\"584\" height=\"329\" frameborder=\"0\" marginwidth=\"0\" marginheight=\"0\" scrolling=\"no\"><\/iframe>\n<\/div><\/figure>\n\n\n\n<h3 class=\"wp-block-heading\">Programme<\/h3>\n\n\n\n<p><strong>Jeudi 24 novembre 2022<\/strong><\/p>\n\n\n\n<p>9h00 : Ouverture du colloque (Camille Bloomfield, Universit\u00e9 Paris-Cit\u00e9, CERILAC \/ PLEIADE et &amp; Mette Ruiz (Universit\u00e9 de<br \/>Dal\u00e9carlie, Su\u00e8de) : Pr\u00e9sentation du colloque &amp; du projet Manart<\/p>\n\n\n\n<p><em>Panel : \u00ab&nbsp;Nouvelles tendances, nouvelles formes : mises au point th\u00e9oriques et r\u00e9flexives&nbsp;\u00bb<\/em><\/p>\n\n\n\n<p>9h30 : Viviana Birolli (Universit\u00e9 Paris 1 \u2013 Panth\u00e9on-Sorbonne, HiCSA), \u00ab&nbsp;Manifeste, manifestes : reculons pour sauter plus loin&nbsp;\u00bb<\/p>\n\n\n\n<p>10h : Ars\u00e8ne Caens (EHESS, Lier-Fyt), \u00ab&nbsp;Ethnographier le manifeste : polyphonie et assertivit\u00e9&nbsp;\u00bb<\/p>\n\n\n\n<p>10h30 : Discussion suivie d\u2019une pause caf\u00e9<\/p>\n\n\n\n<p>11h : Jean-Marc Baud (Universit\u00e9 Sorbonne Paris Nord, PLEIADE), \u00ab&nbsp;Zanzibar, Perpendiculaire, H\u00e9t\u00e9rotrophes, Inculte\u2026\u2009: strat\u00e9gies manifestaires chez quelques collectifs litt\u00e9raires contemporains&nbsp;\u00bb<\/p>\n\n\n\n<p>11h30 : Laude Ngadi Maissa (Universit\u00e9 de Lausanne) : \u00ab&nbsp;Formes et genres du manifeste litt\u00e9raire et artistique d\u2019Afrique subsaharienne<br \/>francophone&nbsp;\u00bb<\/p>\n\n\n\n<p>12h : St\u00e9phane Nowak Papantoniou (po\u00e8te). \u00ab&nbsp;Manifeste erroriste : pr\u00e9sentation &amp; action&nbsp;\u00bb<\/p>\n\n\n\n<p>12h30 : D\u00e9jeuner<\/p>\n\n\n\n<p><em>Panel : \u00ab&nbsp;Anthologies &amp; manifestes de commande&nbsp;\u00bb<\/em><\/p>\n\n\n\n<p>14h : Entretien avec Jessica Lack (critique d\u2019art, Cambridge) autour de l\u2019anthologie \u00ab&nbsp;Why Are We&nbsp;<em>Artists<\/em>? 100 World Art Manifestos&nbsp;\u00bb (2021)<br \/>Anim\u00e9 par Viviana Birolli (Universit\u00e9 Paris I, HICSA)<\/p>\n\n\n\n<p>14h30 : Table ronde sur les anthologies de manifeste, en pr\u00e9sence de :<br \/>\u2013 Isabelle Pluta (Universit\u00e9 de Lausanne, Centre d\u2019\u00e9tudes th\u00e9\u00e2trale et Groupe de recherche Nucleus), \u00e0 propos du projet d\u2019anthologie&nbsp;<em>Sc\u00e8nes num\u00e9riques. Digital Stages<\/em>&nbsp;(PUR, 2022)<br \/>\u2013 Laurent Cauwet (\u00e9diteur d\u2019Al Dante\/Presses du r\u00e9el), \u00e0 propos de son anthologie&nbsp;<em>Manifesten, un roman des avant-gardes<\/em>&nbsp;(\u00e0 para\u00eetre)<br \/>\u2013 Pierre Vinclair (po\u00e8te &amp; \u00e9diteur) : \u00e0 propos du dossier \u00ab&nbsp;L\u2019agencement des mobiles (manifestes)&nbsp;\u00bb, dans le n\u00b0179-180 de la revue&nbsp;<em>Po&amp;sie<\/em><\/p>\n\n\n\n<p>16h00 : Pause-caf\u00e9<\/p>\n\n\n\n<p>16h15 : Entretien avec Julien d\u2019Abrigeon &amp; Gilles Cabut (Boxon) \u2013 anim\u00e9 par Jean-Marc Baud et Camille Bloomfield<\/p>\n\n\n\n<p>17h00&nbsp; Cl\u00f4ture de la journ\u00e9e<\/p>\n\n\n\n<p>17h30-19h00 Soir\u00e9e de performances au Centre d\u2019art et de recherche \u00ab&nbsp;B\u00e9tonsalon&nbsp;\u00bb :<\/p>\n\n\n\n<ul class=\"wp-block-list\">\n<li>M\u00e9lanie Leblanc, lecture chorale du&nbsp;<em>Manifeste du Nous<\/em>&nbsp;(Les Venterniers, mars 2022)<\/li>\n\n\n\n<li>Cabaret Courant faible (Isabelle Vicherat, Elise Vandewalle, Nicolas Guillemin)&nbsp;: Anti-CV&nbsp;; proposition pour un manifeste (performance)<\/li>\n\n\n\n<li>Julien d\u2019Abrigeon \/ Gilles Cabut&nbsp;: lecture-performance<\/li>\n<\/ul>\n\n\n\n<p><strong>Vendredi 25 novembre 2022<\/strong><\/p>\n\n\n\n<p>9\u200ah&nbsp;: Ouverture de la journ\u00e9e Par Audrey Ziane<br \/><em>Panel&nbsp;: R\u00e9alismes d\u2019aujourd\u2019hui\u2009: r\u00e9ception et extension d\u2019un mouvement<\/em><\/p>\n\n\n\n<p>9\u200ah\u200a15 : Bernard M\u00fcller (Ecole sup\u00e9rieure d\u2019Art, Avignon) , \u00ab&nbsp;Le d\u00e9jeuner sous l\u2019herbe (Spoerri, 23.04.1983) ou l\u2019enterrement du Nouveau R\u00e9alisme&nbsp;\u00bb<\/p>\n\n\n\n<p>9\u200ah\u200a45 : Conversation entre Antje Kramer-Mallordy (Universit\u00e9 Rennes 2 \/ Archives de la critique d\u2019art) et Bernard M\u00fcller (Ecole sup\u00e9rieure d\u2019Art, Avignon), \u00ab&nbsp;Entre les lignes du Nouveau R\u00e9alisme&nbsp;\u00bb&nbsp;<\/p>\n\n\n\n<p>10\u200ah\u200a15 : Discussion et petite pause-caf\u00e9<\/p>\n\n\n\n<p><em>Panel : Le manifeste \u00e0 travers les arts<\/em><\/p>\n\n\n\n<p>10\u200ah\u200a45 : Anna Krykun (Universit\u00e9 de Tours, EA Interactions culturelles et discursives), \u00ab&nbsp;Le manifeste litt\u00e9raire au xxie si\u00e8cle : un genre en qu\u00eate d\u2019auteurs&nbsp;\u00bb<\/p>\n\n\n\n<p>11\u200ah\u200a15 : Elena Cervellati &nbsp;Alma Mater StudiorumUniversit\u00e9 de Bologne), \u00ab&nbsp;Le manifeste en danse en France et en Italie : entre corps et parole&nbsp;\u00bb<\/p>\n\n\n\n<p>11\u200ah\u200a45 : L\u00e9onore Conte (Universit\u00e9 Paris 8 Vincennes-Saint-Denis, AIAC), \u00ab&nbsp;\u00c9ducation ou dogme\u2009? Le manifeste en design graphique \u00e0 l\u2019\u00e9preuve de l\u2019\u00e9cole&nbsp;\u00bb<\/p>\n\n\n\n<p>12\u200ah\u200a30&nbsp;: Pause d\u00e9jeuner<\/p>\n\n\n\n<p>14\u200ah : Clara Bouveresse Universit\u00e9 d\u2019Evry\/Paris Saclay, SLAM), \u00ab&nbsp;Magnum\/Antoine d\u2019Agata Manifeste : d\u00e9bat par catalogues interpos\u00e9s&nbsp;\u00bb<\/p>\n\n\n\n<p>14\u200ah\u200a30 : Amanda Robles (r\u00e9alisatrice, associ\u00e9e \u00e0 l\u2019Universit\u00e9 Toulouse Jean Jaur\u00e8s \u2013 LARA-SEPPIA), \u00ab&nbsp;Le cin\u00e9ma corporel de Maria Klonaris et Katerina Thomadaki&nbsp;\u00bb<\/p>\n\n\n\n<p>&nbsp;15\u200ah&nbsp;: Pause-caf\u00e9<\/p>\n\n\n\n<p><em>Panel : Du manifeste \u00e0 l\u2019\u0153uvre : paroles d\u2019artistes<\/em><\/p>\n\n\n\n<p>15\u200ah\u200a15 : Discussion avec Audrey Ziane sur le manifeste \u00ab\u2009social\u2009\u00bb, \u00ab&nbsp;Cabaret courant faible et la proposition d\u2019anti-CV&nbsp;\u00bb<\/p>\n\n\n\n<p>15\u200ah\u200a45&nbsp;: Performance du po\u00e8me dramatique La Mante, \u0153uvre-manifeste du Th\u00e9\u00e2tre des Grands Bois, puis discussion Chlo\u00e9 Ka\u00efmakian et Jonathan Rousseau (Compagnie des Grands Bois)<\/p>\n\n\n\n<p>16\u200ah\u200a45 : discussion finale, conclusion des travaux<\/p>\n\n\n\n<p><strong>Informations pratiques<\/strong><br \/>Salle 064E, Halle aux Farines<\/p>\n\n\n\n<p>Esplanade Vidal-Naquet, Paris 13\u00e8me<\/p>\n","protected":false},"excerpt":{"rendered":"<p>Colloque organis\u00e9 par Camille Bloomfield, Jean-Marc Baud, Viviana Birolli, Mette Ruiz, Audrey Ziane. Programme Jeudi 24 novembre 2022 9h00 : Ouverture du colloque (Camille Bloomfield, Universit\u00e9 Paris-Cit\u00e9, CERILAC \/ PLEIADE et &amp; Mette Ruiz (Universit\u00e9 deDal\u00e9carlie, Su\u00e8de) : Pr\u00e9sentation du &hellip; <a href=\"https:\/\/nowak-papantoniou.net\/?p=2183\">Continuer la lecture <span class=\"meta-nav\">&rarr;<\/span><\/a><\/p>\n","protected":false},"author":1,"featured_media":0,"comment_status":"closed","ping_status":"open","sticky":false,"template":"","format":"standard","meta":{"footnotes":""},"categories":[13,16],"tags":[],"class_list":["post-2183","post","type-post","status-publish","format-standard","hentry","category-interventions","category-recherche"],"yoast_head":"<!-- This site is optimized with the Yoast SEO plugin v27.4 - https:\/\/yoast.com\/product\/yoast-seo-wordpress\/ -->\n<title>Colloque\u00ab\u00a0Le Manifeste s\u2019\u00e9clate. R\u00e9volutions contemporaines du manifeste artistique et litt\u00e9raire, entre th\u00e9orie et pratique\u00a0\u00bb\u00a0Colloque - Laboratoire de St\u00e9phane Nowak Papantoniou<\/title>\n<meta name=\"robots\" content=\"index, follow, max-snippet:-1, max-image-preview:large, max-video-preview:-1\" \/>\n<link rel=\"canonical\" href=\"https:\/\/nowak-papantoniou.net\/?p=2183\" \/>\n<meta property=\"og:locale\" content=\"fr_FR\" \/>\n<meta property=\"og:type\" content=\"article\" \/>\n<meta property=\"og:title\" content=\"Colloque\u00ab\u00a0Le Manifeste s\u2019\u00e9clate. R\u00e9volutions contemporaines du manifeste artistique et litt\u00e9raire, entre th\u00e9orie et pratique\u00a0\u00bb\u00a0Colloque - Laboratoire de St\u00e9phane Nowak Papantoniou\" \/>\n<meta property=\"og:description\" content=\"Colloque organis\u00e9 par Camille Bloomfield, Jean-Marc Baud, Viviana Birolli, Mette Ruiz, Audrey Ziane. Programme Jeudi 24 novembre 2022 9h00 : Ouverture du colloque (Camille Bloomfield, Universit\u00e9 Paris-Cit\u00e9, CERILAC \/ PLEIADE et &amp; Mette Ruiz (Universit\u00e9 deDal\u00e9carlie, Su\u00e8de) : Pr\u00e9sentation du &hellip; Continuer la lecture &rarr;\" \/>\n<meta property=\"og:url\" content=\"https:\/\/nowak-papantoniou.net\/?p=2183\" \/>\n<meta property=\"og:site_name\" content=\"Laboratoire de St\u00e9phane Nowak Papantoniou\" \/>\n<meta property=\"article:published_time\" content=\"2022-11-21T18:06:31+00:00\" \/>\n<meta property=\"article:modified_time\" content=\"2023-05-07T17:10:30+00:00\" \/>\n<meta name=\"author\" content=\"St\u00e9phane Nowak Papantoniou\" \/>\n<meta name=\"twitter:card\" content=\"summary_large_image\" \/>\n<meta name=\"twitter:label1\" content=\"\u00c9crit par\" \/>\n\t<meta name=\"twitter:data1\" content=\"St\u00e9phane Nowak Papantoniou\" \/>\n\t<meta name=\"twitter:label2\" content=\"Dur\u00e9e de lecture estim\u00e9e\" \/>\n\t<meta name=\"twitter:data2\" content=\"3 minutes\" \/>\n<script type=\"application\/ld+json\" class=\"yoast-schema-graph\">{\"@context\":\"https:\\\/\\\/schema.org\",\"@graph\":[{\"@type\":\"Article\",\"@id\":\"https:\\\/\\\/nowak-papantoniou.net\\\/?p=2183#article\",\"isPartOf\":{\"@id\":\"https:\\\/\\\/nowak-papantoniou.net\\\/?p=2183\"},\"author\":{\"name\":\"St\u00e9phane Nowak Papantoniou\",\"@id\":\"https:\\\/\\\/nowak-papantoniou.net\\\/#\\\/schema\\\/person\\\/d43605ef0d5681c1b27a4ba1fede1cf4\"},\"headline\":\"Colloque\u00ab\u00a0Le Manifeste s\u2019\u00e9clate. R\u00e9volutions contemporaines du manifeste artistique et litt\u00e9raire, entre th\u00e9orie et pratique\u00a0\u00bb\u00a0Colloque\",\"datePublished\":\"2022-11-21T18:06:31+00:00\",\"dateModified\":\"2023-05-07T17:10:30+00:00\",\"mainEntityOfPage\":{\"@id\":\"https:\\\/\\\/nowak-papantoniou.net\\\/?p=2183\"},\"wordCount\":698,\"publisher\":{\"@id\":\"https:\\\/\\\/nowak-papantoniou.net\\\/#\\\/schema\\\/person\\\/d43605ef0d5681c1b27a4ba1fede1cf4\"},\"articleSection\":[\"interventions\",\"recherche\"],\"inLanguage\":\"fr-FR\"},{\"@type\":\"WebPage\",\"@id\":\"https:\\\/\\\/nowak-papantoniou.net\\\/?p=2183\",\"url\":\"https:\\\/\\\/nowak-papantoniou.net\\\/?p=2183\",\"name\":\"Colloque\u00ab\u00a0Le Manifeste s\u2019\u00e9clate. R\u00e9volutions contemporaines du manifeste artistique et litt\u00e9raire, entre th\u00e9orie et pratique\u00a0\u00bb\u00a0Colloque - Laboratoire de St\u00e9phane Nowak Papantoniou\",\"isPartOf\":{\"@id\":\"https:\\\/\\\/nowak-papantoniou.net\\\/#website\"},\"datePublished\":\"2022-11-21T18:06:31+00:00\",\"dateModified\":\"2023-05-07T17:10:30+00:00\",\"breadcrumb\":{\"@id\":\"https:\\\/\\\/nowak-papantoniou.net\\\/?p=2183#breadcrumb\"},\"inLanguage\":\"fr-FR\",\"potentialAction\":[{\"@type\":\"ReadAction\",\"target\":[\"https:\\\/\\\/nowak-papantoniou.net\\\/?p=2183\"]}]},{\"@type\":\"BreadcrumbList\",\"@id\":\"https:\\\/\\\/nowak-papantoniou.net\\\/?p=2183#breadcrumb\",\"itemListElement\":[{\"@type\":\"ListItem\",\"position\":1,\"name\":\"Accueil\",\"item\":\"https:\\\/\\\/nowak-papantoniou.net\\\/\"},{\"@type\":\"ListItem\",\"position\":2,\"name\":\"Colloque\u00ab\u00a0Le Manifeste s\u2019\u00e9clate. R\u00e9volutions contemporaines du manifeste artistique et litt\u00e9raire, entre th\u00e9orie et pratique\u00a0\u00bb\u00a0Colloque\"}]},{\"@type\":\"WebSite\",\"@id\":\"https:\\\/\\\/nowak-papantoniou.net\\\/#website\",\"url\":\"https:\\\/\\\/nowak-papantoniou.net\\\/\",\"name\":\"Laboratoire de St\u00e9phane Nowak Papantoniou\",\"description\":\"labo textuel, visuel et sonore\",\"publisher\":{\"@id\":\"https:\\\/\\\/nowak-papantoniou.net\\\/#\\\/schema\\\/person\\\/d43605ef0d5681c1b27a4ba1fede1cf4\"},\"potentialAction\":[{\"@type\":\"SearchAction\",\"target\":{\"@type\":\"EntryPoint\",\"urlTemplate\":\"https:\\\/\\\/nowak-papantoniou.net\\\/?s={search_term_string}\"},\"query-input\":{\"@type\":\"PropertyValueSpecification\",\"valueRequired\":true,\"valueName\":\"search_term_string\"}}],\"inLanguage\":\"fr-FR\"},{\"@type\":[\"Person\",\"Organization\"],\"@id\":\"https:\\\/\\\/nowak-papantoniou.net\\\/#\\\/schema\\\/person\\\/d43605ef0d5681c1b27a4ba1fede1cf4\",\"name\":\"St\u00e9phane Nowak Papantoniou\",\"logo\":{\"@id\":\"https:\\\/\\\/nowak-papantoniou.net\\\/#\\\/schema\\\/person\\\/image\\\/\"},\"url\":\"https:\\\/\\\/nowak-papantoniou.net\\\/?author=1\"}]}<\/script>\n<!-- \/ Yoast SEO plugin. -->","yoast_head_json":{"title":"Colloque\u00ab\u00a0Le Manifeste s\u2019\u00e9clate. R\u00e9volutions contemporaines du manifeste artistique et litt\u00e9raire, entre th\u00e9orie et pratique\u00a0\u00bb\u00a0Colloque - Laboratoire de St\u00e9phane Nowak Papantoniou","robots":{"index":"index","follow":"follow","max-snippet":"max-snippet:-1","max-image-preview":"max-image-preview:large","max-video-preview":"max-video-preview:-1"},"canonical":"https:\/\/nowak-papantoniou.net\/?p=2183","og_locale":"fr_FR","og_type":"article","og_title":"Colloque\u00ab\u00a0Le Manifeste s\u2019\u00e9clate. R\u00e9volutions contemporaines du manifeste artistique et litt\u00e9raire, entre th\u00e9orie et pratique\u00a0\u00bb\u00a0Colloque - Laboratoire de St\u00e9phane Nowak Papantoniou","og_description":"Colloque organis\u00e9 par Camille Bloomfield, Jean-Marc Baud, Viviana Birolli, Mette Ruiz, Audrey Ziane. Programme Jeudi 24 novembre 2022 9h00 : Ouverture du colloque (Camille Bloomfield, Universit\u00e9 Paris-Cit\u00e9, CERILAC \/ PLEIADE et &amp; Mette Ruiz (Universit\u00e9 deDal\u00e9carlie, Su\u00e8de) : Pr\u00e9sentation du &hellip; Continuer la lecture &rarr;","og_url":"https:\/\/nowak-papantoniou.net\/?p=2183","og_site_name":"Laboratoire de St\u00e9phane Nowak Papantoniou","article_published_time":"2022-11-21T18:06:31+00:00","article_modified_time":"2023-05-07T17:10:30+00:00","author":"St\u00e9phane Nowak Papantoniou","twitter_card":"summary_large_image","twitter_misc":{"\u00c9crit par":"St\u00e9phane Nowak Papantoniou","Dur\u00e9e de lecture estim\u00e9e":"3 minutes"},"schema":{"@context":"https:\/\/schema.org","@graph":[{"@type":"Article","@id":"https:\/\/nowak-papantoniou.net\/?p=2183#article","isPartOf":{"@id":"https:\/\/nowak-papantoniou.net\/?p=2183"},"author":{"name":"St\u00e9phane Nowak Papantoniou","@id":"https:\/\/nowak-papantoniou.net\/#\/schema\/person\/d43605ef0d5681c1b27a4ba1fede1cf4"},"headline":"Colloque\u00ab\u00a0Le Manifeste s\u2019\u00e9clate. R\u00e9volutions contemporaines du manifeste artistique et litt\u00e9raire, entre th\u00e9orie et pratique\u00a0\u00bb\u00a0Colloque","datePublished":"2022-11-21T18:06:31+00:00","dateModified":"2023-05-07T17:10:30+00:00","mainEntityOfPage":{"@id":"https:\/\/nowak-papantoniou.net\/?p=2183"},"wordCount":698,"publisher":{"@id":"https:\/\/nowak-papantoniou.net\/#\/schema\/person\/d43605ef0d5681c1b27a4ba1fede1cf4"},"articleSection":["interventions","recherche"],"inLanguage":"fr-FR"},{"@type":"WebPage","@id":"https:\/\/nowak-papantoniou.net\/?p=2183","url":"https:\/\/nowak-papantoniou.net\/?p=2183","name":"Colloque\u00ab\u00a0Le Manifeste s\u2019\u00e9clate. R\u00e9volutions contemporaines du manifeste artistique et litt\u00e9raire, entre th\u00e9orie et pratique\u00a0\u00bb\u00a0Colloque - Laboratoire de St\u00e9phane Nowak Papantoniou","isPartOf":{"@id":"https:\/\/nowak-papantoniou.net\/#website"},"datePublished":"2022-11-21T18:06:31+00:00","dateModified":"2023-05-07T17:10:30+00:00","breadcrumb":{"@id":"https:\/\/nowak-papantoniou.net\/?p=2183#breadcrumb"},"inLanguage":"fr-FR","potentialAction":[{"@type":"ReadAction","target":["https:\/\/nowak-papantoniou.net\/?p=2183"]}]},{"@type":"BreadcrumbList","@id":"https:\/\/nowak-papantoniou.net\/?p=2183#breadcrumb","itemListElement":[{"@type":"ListItem","position":1,"name":"Accueil","item":"https:\/\/nowak-papantoniou.net\/"},{"@type":"ListItem","position":2,"name":"Colloque\u00ab\u00a0Le Manifeste s\u2019\u00e9clate. R\u00e9volutions contemporaines du manifeste artistique et litt\u00e9raire, entre th\u00e9orie et pratique\u00a0\u00bb\u00a0Colloque"}]},{"@type":"WebSite","@id":"https:\/\/nowak-papantoniou.net\/#website","url":"https:\/\/nowak-papantoniou.net\/","name":"Laboratoire de St\u00e9phane Nowak Papantoniou","description":"labo textuel, visuel et sonore","publisher":{"@id":"https:\/\/nowak-papantoniou.net\/#\/schema\/person\/d43605ef0d5681c1b27a4ba1fede1cf4"},"potentialAction":[{"@type":"SearchAction","target":{"@type":"EntryPoint","urlTemplate":"https:\/\/nowak-papantoniou.net\/?s={search_term_string}"},"query-input":{"@type":"PropertyValueSpecification","valueRequired":true,"valueName":"search_term_string"}}],"inLanguage":"fr-FR"},{"@type":["Person","Organization"],"@id":"https:\/\/nowak-papantoniou.net\/#\/schema\/person\/d43605ef0d5681c1b27a4ba1fede1cf4","name":"St\u00e9phane Nowak Papantoniou","logo":{"@id":"https:\/\/nowak-papantoniou.net\/#\/schema\/person\/image\/"},"url":"https:\/\/nowak-papantoniou.net\/?author=1"}]}},"_links":{"self":[{"href":"https:\/\/nowak-papantoniou.net\/index.php?rest_route=\/wp\/v2\/posts\/2183","targetHints":{"allow":["GET"]}}],"collection":[{"href":"https:\/\/nowak-papantoniou.net\/index.php?rest_route=\/wp\/v2\/posts"}],"about":[{"href":"https:\/\/nowak-papantoniou.net\/index.php?rest_route=\/wp\/v2\/types\/post"}],"author":[{"embeddable":true,"href":"https:\/\/nowak-papantoniou.net\/index.php?rest_route=\/wp\/v2\/users\/1"}],"replies":[{"embeddable":true,"href":"https:\/\/nowak-papantoniou.net\/index.php?rest_route=%2Fwp%2Fv2%2Fcomments&post=2183"}],"version-history":[{"count":1,"href":"https:\/\/nowak-papantoniou.net\/index.php?rest_route=\/wp\/v2\/posts\/2183\/revisions"}],"predecessor-version":[{"id":2184,"href":"https:\/\/nowak-papantoniou.net\/index.php?rest_route=\/wp\/v2\/posts\/2183\/revisions\/2184"}],"wp:attachment":[{"href":"https:\/\/nowak-papantoniou.net\/index.php?rest_route=%2Fwp%2Fv2%2Fmedia&parent=2183"}],"wp:term":[{"taxonomy":"category","embeddable":true,"href":"https:\/\/nowak-papantoniou.net\/index.php?rest_route=%2Fwp%2Fv2%2Fcategories&post=2183"},{"taxonomy":"post_tag","embeddable":true,"href":"https:\/\/nowak-papantoniou.net\/index.php?rest_route=%2Fwp%2Fv2%2Ftags&post=2183"}],"curies":[{"name":"wp","href":"https:\/\/api.w.org\/{rel}","templated":true}]}}