{"id":2319,"date":"2025-06-12T17:03:16","date_gmt":"2025-06-12T15:03:16","guid":{"rendered":"https:\/\/nowak-papantoniou.net\/?p=2319"},"modified":"2025-09-11T09:45:22","modified_gmt":"2025-09-11T07:45:22","slug":"corpus-marseille-exposition-collective","status":"publish","type":"post","link":"https:\/\/nowak-papantoniou.net\/?p=2319","title":{"rendered":"CORPUS MARSEILLE Exposition collective"},"content":{"rendered":"\n<p>exposition, diagonale du catalogue<br \/>du&nbsp;jeudi&nbsp;12&nbsp;juin au&nbsp;samedi&nbsp;6&nbsp;septembre&nbsp;2025<\/p>\n\n\n\n<p>CORPUS MARSEILLE<\/p>\n\n\n\n<p>Vernissage<\/p>\n\n\n\n<p>Jeudi 12 juin<\/p>\n\n\n\n<p>de 18h \u00e0 21h<\/p>\n\n\n\n<p>En ligne:<a href=\" https:\/\/cipmarseille.fr\/lire-ecouter-voir\/5173\"> https:\/\/cipmarseille.fr\/lire-ecouter-voir\/5173<\/a><\/p>\n\n\n\n<p><\/p>\n\n\n\n<p><\/p>\n\n\n\n\n\n<p><\/p><p><span style=\"caret-color: rgb(0, 0, 0); color: rgb(0, 0, 0); font-size: revert; white-space: normal;\">\u00a0Il en va de Marseille comme il en va de la po\u00e9sie\u00a0: bien trop vaste pour tout conna\u00eetre.<\/span><\/p><p style=\"caret-color: rgb(0, 0, 0); color: rgb(0, 0, 0); white-space: normal;\">Ne serait-ce qu\u2019\u00e0 l\u2019\u00e9chelle de la vie quotidienne, il y aura toujours l\u2019angle d\u2019un immeuble, une inscription apparue dans la nuit, une boutique, une plaque comm\u00e9morative, la configuration jusqu\u2019alors inaper\u00e7ue de quelques rues, un appartement, une maison inconnue, un jardin, une vue sur la mer, une cour int\u00e9Ilrieure, un mur, une table, la lumi\u00e8re sur les montagnes, un bruit nouveau, les \u00eeles ou les infrastructures routi\u00e8res et, bien s\u00fbr les ciels et nous autres les gens, nos conversations, nos amiti\u00e9s, nos inimiti\u00e9s, nos familles, les liens qui nous unissent, les ruptures qui nous divisent, les \u00ab\u00a0bandes de coll\u00e8gues\u00a0\u00bb \u00e9ph\u00e9m\u00e8res ou durables que nous formons, les phrases prononc\u00e9es, tel bateau qui entre, sort, stationne ou tout simplement passe au large\u2026 Bref, du jamais vu, de l\u2019inou\u00ef, spontan\u00e9ment produits.C\u2019est le propre des villes.La biblioth\u00e8que de po\u00e9sie contemporaine du Cipm est une ville dans la ville. On peut lui poser toutes les questions qu\u2019on veut, les plus \u00e9lev\u00e9es comme les plus triviales, elle r\u00e9pondra. Elle aura toujours quelque chose \u00e0 dire depuis le monde immense et m\u00e9connu qui est le sien, \u00e0 savoir le monde de la po\u00e9sie vivante. Ainsi l\u2019exposition Corpus Marseille pr\u00e9sente les premiers r\u00e9sultats d\u2019une exploration effectu\u00e9e par l\u2019\u00e9quipe du Cipm dans les collections de cette \u00e9tonnante biblioth\u00e8que unique en son genre.\u00a0Le but de cette exploration\u00a0? \u00a0V\u00e9rifier l\u2019hypoth\u00e8se selon laquelle il doit exister des formes d\u2019apparition de Marseille dans les expressions contemporaines de la cr\u00e9ation, apparitions auxquelles il n\u2019a pas \u00e9t\u00e9 v\u00e9ritablement pr\u00eat\u00e9 attention jusqu\u2019\u00e0 pr\u00e9sent et cela, en particulier \u2014 puisque c\u2019est la sp\u00e9cialit\u00e9 du Cipm \u2014 dans la po\u00e9sie.Car en effet, de Julien Duvivier \u00e0 Jacques Demy ou Jacques Audiard en passant par Robert Gu\u00e9diguian, Dominique Cabrera, Luc Besson ou encore Cyril Jimenez, Marseille dans le cin\u00e9ma grand public, on voit. De Claude McKay \u00e0 Dominique Manotti en passant par Jean-Claude Izzo, d\u2019Hadrien Bels \u00e0 Esther Teillard en passant par Maylis de Kerangal, Marseille dans le roman, on voit aussi. Et dans le rap\u00a0? N\u2019en parlons pas\u00a0: Marseille y est omnipr\u00e9sente\u00a0! Mais qu\u2019en est-il\u00a0de Marseille dans la po\u00e9sie \u00e9crite\u00a0? A priori\u2026 on ne voit rien.C\u2019est pour y voir un peu quelque chose, que nous avons fait le choix de ce parcours sans chronologie ni typologie, privil\u00e9giant la d\u00e9rive associative \u00e0 travers les textes et les images provenant toutes et tous de la biblioth\u00e8que du Cipm, simplement renseign\u00e9s par leurs informations bibliographiques \u00e9l\u00e9mentaires.Et pour \u00eatre au plus pr\u00e8s de ce qui peut s\u2019\u00e9crire aujourd\u2019hui, nous avons demand\u00e9 aux auteurs et autrices de po\u00e9sie avec qui le Cipm a travaill\u00e9 r\u00e9cemment de bien vouloir r\u00e9pondre par un court texte in\u00e9dit \u00e0 cette question un peu \u00e9nigmatique\u00a0: Marseille mati\u00e8re\u2009?\u00a0Une centaine a r\u00e9pondu. Un choix de films d\u2019artistes et de cin\u00e9astes rarement projet\u00e9s compl\u00e8te le vaste ensemble r\u00e9uni ici pour la premi\u00e8re fois.Micha\u00ebl Batalla, directeur du Cipm<\/p>\n","protected":false},"excerpt":{"rendered":"<p>exposition, diagonale du cataloguedu&nbsp;jeudi&nbsp;12&nbsp;juin au&nbsp;samedi&nbsp;6&nbsp;septembre&nbsp;2025 CORPUS MARSEILLE Vernissage Jeudi 12 juin de 18h \u00e0 21h En ligne: https:\/\/cipmarseille.fr\/lire-ecouter-voir\/5173 \u00a0Il en va de Marseille comme il en va de la po\u00e9sie\u00a0: bien trop vaste pour tout conna\u00eetre. Ne serait-ce qu\u2019\u00e0 l\u2019\u00e9chelle &hellip; <a href=\"https:\/\/nowak-papantoniou.net\/?p=2319\">Continuer la lecture <span class=\"meta-nav\">&rarr;<\/span><\/a><\/p>\n","protected":false},"author":1,"featured_media":0,"comment_status":"closed","ping_status":"open","sticky":false,"template":"","format":"standard","meta":{"footnotes":""},"categories":[30],"tags":[],"class_list":["post-2319","post","type-post","status-publish","format-standard","hentry","category-exposition"],"yoast_head":"<!-- This site is optimized with the Yoast SEO plugin v27.4 - https:\/\/yoast.com\/product\/yoast-seo-wordpress\/ -->\n<title>CORPUS MARSEILLE Exposition collective - Laboratoire de St\u00e9phane Nowak Papantoniou<\/title>\n<meta name=\"robots\" content=\"index, follow, max-snippet:-1, max-image-preview:large, max-video-preview:-1\" \/>\n<link rel=\"canonical\" href=\"https:\/\/nowak-papantoniou.net\/?p=2319\" \/>\n<meta property=\"og:locale\" content=\"fr_FR\" \/>\n<meta property=\"og:type\" content=\"article\" \/>\n<meta property=\"og:title\" content=\"CORPUS MARSEILLE Exposition collective - Laboratoire de St\u00e9phane Nowak Papantoniou\" \/>\n<meta property=\"og:description\" content=\"exposition, diagonale du cataloguedu&nbsp;jeudi&nbsp;12&nbsp;juin au&nbsp;samedi&nbsp;6&nbsp;septembre&nbsp;2025 CORPUS MARSEILLE Vernissage Jeudi 12 juin de 18h \u00e0 21h En ligne: https:\/\/cipmarseille.fr\/lire-ecouter-voir\/5173 \u00a0Il en va de Marseille comme il en va de la po\u00e9sie\u00a0: bien trop vaste pour tout conna\u00eetre. Ne serait-ce qu\u2019\u00e0 l\u2019\u00e9chelle &hellip; Continuer la lecture &rarr;\" \/>\n<meta property=\"og:url\" content=\"https:\/\/nowak-papantoniou.net\/?p=2319\" \/>\n<meta property=\"og:site_name\" content=\"Laboratoire de St\u00e9phane Nowak Papantoniou\" \/>\n<meta property=\"article:published_time\" content=\"2025-06-12T15:03:16+00:00\" \/>\n<meta property=\"article:modified_time\" content=\"2025-09-11T07:45:22+00:00\" \/>\n<meta name=\"author\" content=\"St\u00e9phane Nowak Papantoniou\" \/>\n<meta name=\"twitter:card\" content=\"summary_large_image\" \/>\n<meta name=\"twitter:label1\" content=\"\u00c9crit par\" \/>\n\t<meta name=\"twitter:data1\" content=\"St\u00e9phane Nowak Papantoniou\" \/>\n\t<meta name=\"twitter:label2\" content=\"Dur\u00e9e de lecture estim\u00e9e\" \/>\n\t<meta name=\"twitter:data2\" content=\"3 minutes\" \/>\n<script type=\"application\/ld+json\" class=\"yoast-schema-graph\">{\"@context\":\"https:\\\/\\\/schema.org\",\"@graph\":[{\"@type\":\"Article\",\"@id\":\"https:\\\/\\\/nowak-papantoniou.net\\\/?p=2319#article\",\"isPartOf\":{\"@id\":\"https:\\\/\\\/nowak-papantoniou.net\\\/?p=2319\"},\"author\":{\"name\":\"St\u00e9phane Nowak Papantoniou\",\"@id\":\"https:\\\/\\\/nowak-papantoniou.net\\\/#\\\/schema\\\/person\\\/d43605ef0d5681c1b27a4ba1fede1cf4\"},\"headline\":\"CORPUS MARSEILLE Exposition collective\",\"datePublished\":\"2025-06-12T15:03:16+00:00\",\"dateModified\":\"2025-09-11T07:45:22+00:00\",\"mainEntityOfPage\":{\"@id\":\"https:\\\/\\\/nowak-papantoniou.net\\\/?p=2319\"},\"wordCount\":593,\"publisher\":{\"@id\":\"https:\\\/\\\/nowak-papantoniou.net\\\/#\\\/schema\\\/person\\\/d43605ef0d5681c1b27a4ba1fede1cf4\"},\"articleSection\":[\"exposition\"],\"inLanguage\":\"fr-FR\"},{\"@type\":\"WebPage\",\"@id\":\"https:\\\/\\\/nowak-papantoniou.net\\\/?p=2319\",\"url\":\"https:\\\/\\\/nowak-papantoniou.net\\\/?p=2319\",\"name\":\"CORPUS MARSEILLE Exposition collective - Laboratoire de St\u00e9phane Nowak Papantoniou\",\"isPartOf\":{\"@id\":\"https:\\\/\\\/nowak-papantoniou.net\\\/#website\"},\"datePublished\":\"2025-06-12T15:03:16+00:00\",\"dateModified\":\"2025-09-11T07:45:22+00:00\",\"breadcrumb\":{\"@id\":\"https:\\\/\\\/nowak-papantoniou.net\\\/?p=2319#breadcrumb\"},\"inLanguage\":\"fr-FR\",\"potentialAction\":[{\"@type\":\"ReadAction\",\"target\":[\"https:\\\/\\\/nowak-papantoniou.net\\\/?p=2319\"]}]},{\"@type\":\"BreadcrumbList\",\"@id\":\"https:\\\/\\\/nowak-papantoniou.net\\\/?p=2319#breadcrumb\",\"itemListElement\":[{\"@type\":\"ListItem\",\"position\":1,\"name\":\"Accueil\",\"item\":\"https:\\\/\\\/nowak-papantoniou.net\\\/\"},{\"@type\":\"ListItem\",\"position\":2,\"name\":\"CORPUS MARSEILLE Exposition collective\"}]},{\"@type\":\"WebSite\",\"@id\":\"https:\\\/\\\/nowak-papantoniou.net\\\/#website\",\"url\":\"https:\\\/\\\/nowak-papantoniou.net\\\/\",\"name\":\"Laboratoire de St\u00e9phane Nowak Papantoniou\",\"description\":\"labo textuel, visuel et sonore\",\"publisher\":{\"@id\":\"https:\\\/\\\/nowak-papantoniou.net\\\/#\\\/schema\\\/person\\\/d43605ef0d5681c1b27a4ba1fede1cf4\"},\"potentialAction\":[{\"@type\":\"SearchAction\",\"target\":{\"@type\":\"EntryPoint\",\"urlTemplate\":\"https:\\\/\\\/nowak-papantoniou.net\\\/?s={search_term_string}\"},\"query-input\":{\"@type\":\"PropertyValueSpecification\",\"valueRequired\":true,\"valueName\":\"search_term_string\"}}],\"inLanguage\":\"fr-FR\"},{\"@type\":[\"Person\",\"Organization\"],\"@id\":\"https:\\\/\\\/nowak-papantoniou.net\\\/#\\\/schema\\\/person\\\/d43605ef0d5681c1b27a4ba1fede1cf4\",\"name\":\"St\u00e9phane Nowak Papantoniou\",\"logo\":{\"@id\":\"https:\\\/\\\/nowak-papantoniou.net\\\/#\\\/schema\\\/person\\\/image\\\/\"},\"url\":\"https:\\\/\\\/nowak-papantoniou.net\\\/?author=1\"}]}<\/script>\n<!-- \/ Yoast SEO plugin. -->","yoast_head_json":{"title":"CORPUS MARSEILLE Exposition collective - Laboratoire de St\u00e9phane Nowak Papantoniou","robots":{"index":"index","follow":"follow","max-snippet":"max-snippet:-1","max-image-preview":"max-image-preview:large","max-video-preview":"max-video-preview:-1"},"canonical":"https:\/\/nowak-papantoniou.net\/?p=2319","og_locale":"fr_FR","og_type":"article","og_title":"CORPUS MARSEILLE Exposition collective - Laboratoire de St\u00e9phane Nowak Papantoniou","og_description":"exposition, diagonale du cataloguedu&nbsp;jeudi&nbsp;12&nbsp;juin au&nbsp;samedi&nbsp;6&nbsp;septembre&nbsp;2025 CORPUS MARSEILLE Vernissage Jeudi 12 juin de 18h \u00e0 21h En ligne: https:\/\/cipmarseille.fr\/lire-ecouter-voir\/5173 \u00a0Il en va de Marseille comme il en va de la po\u00e9sie\u00a0: bien trop vaste pour tout conna\u00eetre. Ne serait-ce qu\u2019\u00e0 l\u2019\u00e9chelle &hellip; Continuer la lecture &rarr;","og_url":"https:\/\/nowak-papantoniou.net\/?p=2319","og_site_name":"Laboratoire de St\u00e9phane Nowak Papantoniou","article_published_time":"2025-06-12T15:03:16+00:00","article_modified_time":"2025-09-11T07:45:22+00:00","author":"St\u00e9phane Nowak Papantoniou","twitter_card":"summary_large_image","twitter_misc":{"\u00c9crit par":"St\u00e9phane Nowak Papantoniou","Dur\u00e9e de lecture estim\u00e9e":"3 minutes"},"schema":{"@context":"https:\/\/schema.org","@graph":[{"@type":"Article","@id":"https:\/\/nowak-papantoniou.net\/?p=2319#article","isPartOf":{"@id":"https:\/\/nowak-papantoniou.net\/?p=2319"},"author":{"name":"St\u00e9phane Nowak Papantoniou","@id":"https:\/\/nowak-papantoniou.net\/#\/schema\/person\/d43605ef0d5681c1b27a4ba1fede1cf4"},"headline":"CORPUS MARSEILLE Exposition collective","datePublished":"2025-06-12T15:03:16+00:00","dateModified":"2025-09-11T07:45:22+00:00","mainEntityOfPage":{"@id":"https:\/\/nowak-papantoniou.net\/?p=2319"},"wordCount":593,"publisher":{"@id":"https:\/\/nowak-papantoniou.net\/#\/schema\/person\/d43605ef0d5681c1b27a4ba1fede1cf4"},"articleSection":["exposition"],"inLanguage":"fr-FR"},{"@type":"WebPage","@id":"https:\/\/nowak-papantoniou.net\/?p=2319","url":"https:\/\/nowak-papantoniou.net\/?p=2319","name":"CORPUS MARSEILLE Exposition collective - Laboratoire de St\u00e9phane Nowak Papantoniou","isPartOf":{"@id":"https:\/\/nowak-papantoniou.net\/#website"},"datePublished":"2025-06-12T15:03:16+00:00","dateModified":"2025-09-11T07:45:22+00:00","breadcrumb":{"@id":"https:\/\/nowak-papantoniou.net\/?p=2319#breadcrumb"},"inLanguage":"fr-FR","potentialAction":[{"@type":"ReadAction","target":["https:\/\/nowak-papantoniou.net\/?p=2319"]}]},{"@type":"BreadcrumbList","@id":"https:\/\/nowak-papantoniou.net\/?p=2319#breadcrumb","itemListElement":[{"@type":"ListItem","position":1,"name":"Accueil","item":"https:\/\/nowak-papantoniou.net\/"},{"@type":"ListItem","position":2,"name":"CORPUS MARSEILLE Exposition collective"}]},{"@type":"WebSite","@id":"https:\/\/nowak-papantoniou.net\/#website","url":"https:\/\/nowak-papantoniou.net\/","name":"Laboratoire de St\u00e9phane Nowak Papantoniou","description":"labo textuel, visuel et sonore","publisher":{"@id":"https:\/\/nowak-papantoniou.net\/#\/schema\/person\/d43605ef0d5681c1b27a4ba1fede1cf4"},"potentialAction":[{"@type":"SearchAction","target":{"@type":"EntryPoint","urlTemplate":"https:\/\/nowak-papantoniou.net\/?s={search_term_string}"},"query-input":{"@type":"PropertyValueSpecification","valueRequired":true,"valueName":"search_term_string"}}],"inLanguage":"fr-FR"},{"@type":["Person","Organization"],"@id":"https:\/\/nowak-papantoniou.net\/#\/schema\/person\/d43605ef0d5681c1b27a4ba1fede1cf4","name":"St\u00e9phane Nowak Papantoniou","logo":{"@id":"https:\/\/nowak-papantoniou.net\/#\/schema\/person\/image\/"},"url":"https:\/\/nowak-papantoniou.net\/?author=1"}]}},"_links":{"self":[{"href":"https:\/\/nowak-papantoniou.net\/index.php?rest_route=\/wp\/v2\/posts\/2319","targetHints":{"allow":["GET"]}}],"collection":[{"href":"https:\/\/nowak-papantoniou.net\/index.php?rest_route=\/wp\/v2\/posts"}],"about":[{"href":"https:\/\/nowak-papantoniou.net\/index.php?rest_route=\/wp\/v2\/types\/post"}],"author":[{"embeddable":true,"href":"https:\/\/nowak-papantoniou.net\/index.php?rest_route=\/wp\/v2\/users\/1"}],"replies":[{"embeddable":true,"href":"https:\/\/nowak-papantoniou.net\/index.php?rest_route=%2Fwp%2Fv2%2Fcomments&post=2319"}],"version-history":[{"count":2,"href":"https:\/\/nowak-papantoniou.net\/index.php?rest_route=\/wp\/v2\/posts\/2319\/revisions"}],"predecessor-version":[{"id":2323,"href":"https:\/\/nowak-papantoniou.net\/index.php?rest_route=\/wp\/v2\/posts\/2319\/revisions\/2323"}],"wp:attachment":[{"href":"https:\/\/nowak-papantoniou.net\/index.php?rest_route=%2Fwp%2Fv2%2Fmedia&parent=2319"}],"wp:term":[{"taxonomy":"category","embeddable":true,"href":"https:\/\/nowak-papantoniou.net\/index.php?rest_route=%2Fwp%2Fv2%2Fcategories&post=2319"},{"taxonomy":"post_tag","embeddable":true,"href":"https:\/\/nowak-papantoniou.net\/index.php?rest_route=%2Fwp%2Fv2%2Ftags&post=2319"}],"curies":[{"name":"wp","href":"https:\/\/api.w.org\/{rel}","templated":true}]}}